{"id":57,"date":"2022-02-27T16:10:27","date_gmt":"2022-02-27T15:10:27","guid":{"rendered":"https:\/\/www.gruppoceis.it\/lanostrastoria\/?p=57"},"modified":"2024-04-13T23:19:13","modified_gmt":"2024-04-13T21:19:13","slug":"adolescenti-e-minori","status":"publish","type":"post","link":"https:\/\/www.gruppoceis.it\/lanostrastoria\/adolescenti-e-minori\/","title":{"rendered":"Adolescenti e minori"},"content":{"rendered":"<p><iframe loading=\"lazy\" title=\"Adolescenti e Minori - 40\u00b0CEIS\" width=\"1104\" height=\"621\" src=\"https:\/\/www.youtube.com\/embed\/rAJvWsyUIeo?start=13&#038;feature=oembed\" frameborder=\"0\" allow=\"accelerometer; autoplay; clipboard-write; encrypted-media; gyroscope; picture-in-picture; web-share\" referrerpolicy=\"strict-origin-when-cross-origin\" allowfullscreen><\/iframe><\/p>\n<span class=\"mks_dropcap_letter\" style=\"font-size: 80px; color: #266d40; \">C<\/span>\n<p>ome spesso capita nella nostra storia, le sfide pi\u00f9 grandi sono quelle che ci impegnano per prime. Cos\u00ec \u00e8 per l\u2019esperienza con i minori, iniziata nel <strong>1999<\/strong> per rispondere positivamente ad una richiesta del Centro per la Giustizia Minorile di Bologna di realizzare una Comunit\u00e0 per minori provenienti dal circuito penale esterna al carcere del Pratello..<\/p>\n<p><img loading=\"lazy\" decoding=\"async\" class=\"aligncenter size-full wp-image-3147\" src=\"https:\/\/www.gruppoceis.it\/lanostrastoria\/wp-content\/uploads\/2022\/02\/adolescenti.jpg\" alt=\"\" width=\"1000\" height=\"700\" srcset=\"https:\/\/www.gruppoceis.it\/lanostrastoria\/wp-content\/uploads\/2022\/02\/adolescenti.jpg 1000w, https:\/\/www.gruppoceis.it\/lanostrastoria\/wp-content\/uploads\/2022\/02\/adolescenti-300x210.jpg 300w, https:\/\/www.gruppoceis.it\/lanostrastoria\/wp-content\/uploads\/2022\/02\/adolescenti-768x538.jpg 768w\" sizes=\"auto, (max-width: 1000px) 100vw, 1000px\" \/><\/p>\n<p>Parlano di questa avventura, complessa quanto sfidante, due operatori CEIS con ampie e consolidate competenze, chiamati a dar corpo dal nulla alla nuova realt\u00e0. <strong><a href=\"https:\/\/www.gruppoceis.it\/lanostrastoria\/ce-da-aprire-una-comunita-minori-legata-al-carcere-di-bologna-sei-la-persona-adatta\/\">Isauro Galavotti<\/a>:<\/strong> <em>\u201cPortammo l\u2019esperienza maturata nelle nostre Comunit\u00e0. Proponemmo dunque a quei ragazzi, in maggioranza stranieri, un modello di intervento fortemente educativo\u201d<\/em>.<\/p>\n<p>E <a href=\"https:\/\/www.gruppoceis.it\/lanostrastoria\/le-comunita-per-minori-alternative-al-carcere-una-storia-che-parte-da-lontano\/\"><strong>Boze Klapez<\/strong><\/a>: <em>\u201cLa regola principale era chiara: tutti noi ci impegniamo a rispettare noi stessi, gli altri e l\u2019ambiente in cui viviamo. Un precetto bellissimo, ma i ragazzi che provenivano dal carcere avevano idee ben differenti, volevano fare quello che pareva loro. \u00c8 stato un percorso lungo. Abbiamo cominciato con delle norme per regolamentare la giornata: gli orari, i pranzi, i permessi per le uscite, i rientri nelle camere. Le cose sono migliorate col tempo\u2026\u201d<\/em>.<\/p>\n<p>L\u2019attivit\u00e0 rivolta ai minori (di MSNA trattiamo nell\u2019area dedicata anche ai migranti), soprattutto la possibilit\u00e0 di agire con un intervento educativo importante, ha da subito coinvolto profondamente il CEIS, portandoci ad aprire molte Comunit\u00e0 educative in tutte le province in cui operiamo.<\/p>\n<p>Comunit\u00e0 che si differenziano per numero, per sesso e tipologia d\u2019intervento, assecondando i bisogni dell\u2019ospite e il progetto educativo pensato per ciascuno assieme ai servizi invianti.<\/p>\n<p>Dell\u2019intenso lavoro coi minori parla Alessio Costetti, coordinatore dell\u2019Area Minori. Di MSNA trattiamo nell\u2019area dedicata ai migranti, di minori con problematiche psicologiche e della comunit\u00e0 Eureka nell\u2019area sugli interventi psico-sanitari. L\u2019attenzione ai minori \u00e8 d\u2019altronde un\u2019esigenza trasversale ai vari ambiti d\u2019intervento: si pensi ai moduli \u201cMaggiolino\u201d e \u201cBlog\u201d per minori con problematiche di dipendenza da sostanze\u00a0o alla Comunit\u00e0 In Volo (area DA) che ospita minori con disturbi del comportamento alimentare.<\/p>\n<p><a href=\"https:\/\/www.gruppoceis.it\/lanostrastoria\/le-comunita-educative-per-minori-a-modena-e-parma\/\"><strong>Alessio Costetti<\/strong><\/a>: <em>\u201cSono passati tanti anni e ne sono successe di tutti i colori\u2026 Abbiamo ottenuto grandi risultati con ragazzi che sembravano irrimediabilmente \u2018persi\u2019. Ma di irrecuperabile, quando si parla di adolescenti, non c\u2019\u00e8 niente. Tanto di complicato, ma nulla di irrimediabile. Le ferite pure ci sono state, il cui ricordo ci fa da stimolo ed esperienza per il futuro. Si imparano tante cose anche dai fallimenti<\/em>\u201d.<\/p>\n<p>&nbsp;<\/p>\n<h3>PHOTOGALLERY<\/h3>\n<hr \/>\n<div id='gallery-1' class='gallery galleryid-57 gallery-columns-3 gallery-size-vlog-lay-e-full'><figure class='gallery-item'>\n\t\t\t<div class='gallery-icon landscape'>\n\t\t\t\t<a href='https:\/\/www.gruppoceis.it\/lanostrastoria\/wp-content\/uploads\/2022\/02\/MINORI_1.jpg'><img loading=\"lazy\" decoding=\"async\" width=\"344\" height=\"193\" src=\"https:\/\/www.gruppoceis.it\/lanostrastoria\/wp-content\/uploads\/2022\/02\/MINORI_1-344x193.jpg\" class=\"attachment-vlog-lay-e-full size-vlog-lay-e-full\" alt=\"\" srcset=\"https:\/\/www.gruppoceis.it\/lanostrastoria\/wp-content\/uploads\/2022\/02\/MINORI_1-344x193.jpg 344w, https:\/\/www.gruppoceis.it\/lanostrastoria\/wp-content\/uploads\/2022\/02\/MINORI_1-768x432.jpg 768w, https:\/\/www.gruppoceis.it\/lanostrastoria\/wp-content\/uploads\/2022\/02\/MINORI_1-1104x621.jpg 1104w, https:\/\/www.gruppoceis.it\/lanostrastoria\/wp-content\/uploads\/2022\/02\/MINORI_1-366x205.jpg 366w, https:\/\/www.gruppoceis.it\/lanostrastoria\/wp-content\/uploads\/2022\/02\/MINORI_1-534x300.jpg 534w, https:\/\/www.gruppoceis.it\/lanostrastoria\/wp-content\/uploads\/2022\/02\/MINORI_1-165x92.jpg 165w, https:\/\/www.gruppoceis.it\/lanostrastoria\/wp-content\/uploads\/2022\/02\/MINORI_1-249x140.jpg 249w, https:\/\/www.gruppoceis.it\/lanostrastoria\/wp-content\/uploads\/2022\/02\/MINORI_1-232x130.jpg 232w, https:\/\/www.gruppoceis.it\/lanostrastoria\/wp-content\/uploads\/2022\/02\/MINORI_1-76x42.jpg 76w, https:\/\/www.gruppoceis.it\/lanostrastoria\/wp-content\/uploads\/2022\/02\/MINORI_1-123x69.jpg 123w\" sizes=\"auto, (max-width: 344px) 100vw, 344px\" \/><\/a>\n\t\t\t<\/div><\/figure><figure class='gallery-item'>\n\t\t\t<div class='gallery-icon landscape'>\n\t\t\t\t<a href='https:\/\/www.gruppoceis.it\/lanostrastoria\/wp-content\/uploads\/2022\/02\/MINORI_2.jpg'><img loading=\"lazy\" decoding=\"async\" width=\"344\" height=\"193\" src=\"https:\/\/www.gruppoceis.it\/lanostrastoria\/wp-content\/uploads\/2022\/02\/MINORI_2-344x193.jpg\" class=\"attachment-vlog-lay-e-full size-vlog-lay-e-full\" alt=\"\" aria-describedby=\"gallery-1-1748\" srcset=\"https:\/\/www.gruppoceis.it\/lanostrastoria\/wp-content\/uploads\/2022\/02\/MINORI_2-344x193.jpg 344w, https:\/\/www.gruppoceis.it\/lanostrastoria\/wp-content\/uploads\/2022\/02\/MINORI_2-768x432.jpg 768w, https:\/\/www.gruppoceis.it\/lanostrastoria\/wp-content\/uploads\/2022\/02\/MINORI_2-1104x621.jpg 1104w, https:\/\/www.gruppoceis.it\/lanostrastoria\/wp-content\/uploads\/2022\/02\/MINORI_2-366x205.jpg 366w, https:\/\/www.gruppoceis.it\/lanostrastoria\/wp-content\/uploads\/2022\/02\/MINORI_2-534x300.jpg 534w, https:\/\/www.gruppoceis.it\/lanostrastoria\/wp-content\/uploads\/2022\/02\/MINORI_2-165x92.jpg 165w, https:\/\/www.gruppoceis.it\/lanostrastoria\/wp-content\/uploads\/2022\/02\/MINORI_2-249x140.jpg 249w, https:\/\/www.gruppoceis.it\/lanostrastoria\/wp-content\/uploads\/2022\/02\/MINORI_2-232x130.jpg 232w, https:\/\/www.gruppoceis.it\/lanostrastoria\/wp-content\/uploads\/2022\/02\/MINORI_2-76x42.jpg 76w, https:\/\/www.gruppoceis.it\/lanostrastoria\/wp-content\/uploads\/2022\/02\/MINORI_2-123x69.jpg 123w\" sizes=\"auto, (max-width: 344px) 100vw, 344px\" \/><\/a>\n\t\t\t<\/div>\n\t\t\t\t<figcaption class='wp-caption-text gallery-caption' id='gallery-1-1748'>\n\t\t\t\tVillaggio del fanciullo\n\t\t\t\t<\/figcaption><\/figure><figure class='gallery-item'>\n\t\t\t<div class='gallery-icon landscape'>\n\t\t\t\t<a href='https:\/\/www.gruppoceis.it\/lanostrastoria\/wp-content\/uploads\/2022\/02\/CEIS-OIKOS.jpg'><img loading=\"lazy\" decoding=\"async\" width=\"344\" height=\"193\" src=\"https:\/\/www.gruppoceis.it\/lanostrastoria\/wp-content\/uploads\/2022\/02\/CEIS-OIKOS-344x193.jpg\" class=\"attachment-vlog-lay-e-full size-vlog-lay-e-full\" alt=\"\" aria-describedby=\"gallery-1-2007\" srcset=\"https:\/\/www.gruppoceis.it\/lanostrastoria\/wp-content\/uploads\/2022\/02\/CEIS-OIKOS-344x193.jpg 344w, https:\/\/www.gruppoceis.it\/lanostrastoria\/wp-content\/uploads\/2022\/02\/CEIS-OIKOS-768x432.jpg 768w, https:\/\/www.gruppoceis.it\/lanostrastoria\/wp-content\/uploads\/2022\/02\/CEIS-OIKOS-1104x621.jpg 1104w, https:\/\/www.gruppoceis.it\/lanostrastoria\/wp-content\/uploads\/2022\/02\/CEIS-OIKOS-366x205.jpg 366w, https:\/\/www.gruppoceis.it\/lanostrastoria\/wp-content\/uploads\/2022\/02\/CEIS-OIKOS-534x300.jpg 534w, https:\/\/www.gruppoceis.it\/lanostrastoria\/wp-content\/uploads\/2022\/02\/CEIS-OIKOS-165x92.jpg 165w, https:\/\/www.gruppoceis.it\/lanostrastoria\/wp-content\/uploads\/2022\/02\/CEIS-OIKOS-249x140.jpg 249w, https:\/\/www.gruppoceis.it\/lanostrastoria\/wp-content\/uploads\/2022\/02\/CEIS-OIKOS-232x130.jpg 232w, https:\/\/www.gruppoceis.it\/lanostrastoria\/wp-content\/uploads\/2022\/02\/CEIS-OIKOS-76x42.jpg 76w, https:\/\/www.gruppoceis.it\/lanostrastoria\/wp-content\/uploads\/2022\/02\/CEIS-OIKOS-123x69.jpg 123w\" sizes=\"auto, (max-width: 344px) 100vw, 344px\" \/><\/a>\n\t\t\t<\/div>\n\t\t\t\t<figcaption class='wp-caption-text gallery-caption' id='gallery-1-2007'>\n\t\t\t\tOikos &#8211;  Comunit\u00e0 femminile\n\t\t\t\t<\/figcaption><\/figure><figure class='gallery-item'>\n\t\t\t<div class='gallery-icon landscape'>\n\t\t\t\t<a href='https:\/\/www.gruppoceis.it\/lanostrastoria\/wp-content\/uploads\/2022\/02\/FARETRA.jpg'><img loading=\"lazy\" decoding=\"async\" width=\"344\" height=\"193\" src=\"https:\/\/www.gruppoceis.it\/lanostrastoria\/wp-content\/uploads\/2022\/02\/FARETRA-344x193.jpg\" class=\"attachment-vlog-lay-e-full size-vlog-lay-e-full\" alt=\"\" aria-describedby=\"gallery-1-2009\" srcset=\"https:\/\/www.gruppoceis.it\/lanostrastoria\/wp-content\/uploads\/2022\/02\/FARETRA-344x193.jpg 344w, https:\/\/www.gruppoceis.it\/lanostrastoria\/wp-content\/uploads\/2022\/02\/FARETRA-768x432.jpg 768w, https:\/\/www.gruppoceis.it\/lanostrastoria\/wp-content\/uploads\/2022\/02\/FARETRA-366x205.jpg 366w, https:\/\/www.gruppoceis.it\/lanostrastoria\/wp-content\/uploads\/2022\/02\/FARETRA-534x300.jpg 534w, https:\/\/www.gruppoceis.it\/lanostrastoria\/wp-content\/uploads\/2022\/02\/FARETRA-165x92.jpg 165w, https:\/\/www.gruppoceis.it\/lanostrastoria\/wp-content\/uploads\/2022\/02\/FARETRA-249x140.jpg 249w, https:\/\/www.gruppoceis.it\/lanostrastoria\/wp-content\/uploads\/2022\/02\/FARETRA-232x130.jpg 232w, https:\/\/www.gruppoceis.it\/lanostrastoria\/wp-content\/uploads\/2022\/02\/FARETRA-76x42.jpg 76w, https:\/\/www.gruppoceis.it\/lanostrastoria\/wp-content\/uploads\/2022\/02\/FARETRA-123x69.jpg 123w\" sizes=\"auto, (max-width: 344px) 100vw, 344px\" \/><\/a>\n\t\t\t<\/div>\n\t\t\t\t<figcaption class='wp-caption-text gallery-caption' id='gallery-1-2009'>\n\t\t\t\tFaretra\n\t\t\t\t<\/figcaption><\/figure><figure class='gallery-item'>\n\t\t\t<div class='gallery-icon landscape'>\n\t\t\t\t<a href='https:\/\/www.gruppoceis.it\/lanostrastoria\/wp-content\/uploads\/2022\/02\/minori-2.jpg'><img loading=\"lazy\" decoding=\"async\" width=\"344\" height=\"193\" src=\"https:\/\/www.gruppoceis.it\/lanostrastoria\/wp-content\/uploads\/2022\/02\/minori-2-344x193.jpg\" class=\"attachment-vlog-lay-e-full size-vlog-lay-e-full\" alt=\"\" srcset=\"https:\/\/www.gruppoceis.it\/lanostrastoria\/wp-content\/uploads\/2022\/02\/minori-2-344x193.jpg 344w, https:\/\/www.gruppoceis.it\/lanostrastoria\/wp-content\/uploads\/2022\/02\/minori-2-768x432.jpg 768w, https:\/\/www.gruppoceis.it\/lanostrastoria\/wp-content\/uploads\/2022\/02\/minori-2-366x205.jpg 366w, https:\/\/www.gruppoceis.it\/lanostrastoria\/wp-content\/uploads\/2022\/02\/minori-2-534x300.jpg 534w, https:\/\/www.gruppoceis.it\/lanostrastoria\/wp-content\/uploads\/2022\/02\/minori-2-165x92.jpg 165w, https:\/\/www.gruppoceis.it\/lanostrastoria\/wp-content\/uploads\/2022\/02\/minori-2-249x140.jpg 249w, https:\/\/www.gruppoceis.it\/lanostrastoria\/wp-content\/uploads\/2022\/02\/minori-2-232x130.jpg 232w, https:\/\/www.gruppoceis.it\/lanostrastoria\/wp-content\/uploads\/2022\/02\/minori-2-76x42.jpg 76w, https:\/\/www.gruppoceis.it\/lanostrastoria\/wp-content\/uploads\/2022\/02\/minori-2-123x69.jpg 123w\" sizes=\"auto, (max-width: 344px) 100vw, 344px\" \/><\/a>\n\t\t\t<\/div><\/figure><figure class='gallery-item'>\n\t\t\t<div class='gallery-icon landscape'>\n\t\t\t\t<a href='https:\/\/www.gruppoceis.it\/lanostrastoria\/wp-content\/uploads\/2022\/02\/IMG-20210621-WA0024.jpg'><img loading=\"lazy\" decoding=\"async\" width=\"344\" height=\"193\" src=\"https:\/\/www.gruppoceis.it\/lanostrastoria\/wp-content\/uploads\/2022\/02\/IMG-20210621-WA0024-344x193.jpg\" class=\"attachment-vlog-lay-e-full size-vlog-lay-e-full\" alt=\"\" srcset=\"https:\/\/www.gruppoceis.it\/lanostrastoria\/wp-content\/uploads\/2022\/02\/IMG-20210621-WA0024-344x193.jpg 344w, https:\/\/www.gruppoceis.it\/lanostrastoria\/wp-content\/uploads\/2022\/02\/IMG-20210621-WA0024-768x432.jpg 768w, https:\/\/www.gruppoceis.it\/lanostrastoria\/wp-content\/uploads\/2022\/02\/IMG-20210621-WA0024-366x205.jpg 366w, https:\/\/www.gruppoceis.it\/lanostrastoria\/wp-content\/uploads\/2022\/02\/IMG-20210621-WA0024-534x300.jpg 534w, https:\/\/www.gruppoceis.it\/lanostrastoria\/wp-content\/uploads\/2022\/02\/IMG-20210621-WA0024-165x92.jpg 165w, https:\/\/www.gruppoceis.it\/lanostrastoria\/wp-content\/uploads\/2022\/02\/IMG-20210621-WA0024-249x140.jpg 249w, https:\/\/www.gruppoceis.it\/lanostrastoria\/wp-content\/uploads\/2022\/02\/IMG-20210621-WA0024-232x130.jpg 232w, https:\/\/www.gruppoceis.it\/lanostrastoria\/wp-content\/uploads\/2022\/02\/IMG-20210621-WA0024-76x42.jpg 76w, https:\/\/www.gruppoceis.it\/lanostrastoria\/wp-content\/uploads\/2022\/02\/IMG-20210621-WA0024-123x69.jpg 123w\" sizes=\"auto, (max-width: 344px) 100vw, 344px\" \/><\/a>\n\t\t\t<\/div><\/figure><figure class='gallery-item'>\n\t\t\t<div class='gallery-icon landscape'>\n\t\t\t\t<a href='https:\/\/www.gruppoceis.it\/lanostrastoria\/wp-content\/uploads\/2022\/09\/bottazzi2.jpg'><img loading=\"lazy\" decoding=\"async\" width=\"344\" height=\"193\" src=\"https:\/\/www.gruppoceis.it\/lanostrastoria\/wp-content\/uploads\/2022\/09\/bottazzi2-344x193.jpg\" class=\"attachment-vlog-lay-e-full size-vlog-lay-e-full\" alt=\"\" srcset=\"https:\/\/www.gruppoceis.it\/lanostrastoria\/wp-content\/uploads\/2022\/09\/bottazzi2-344x193.jpg 344w, https:\/\/www.gruppoceis.it\/lanostrastoria\/wp-content\/uploads\/2022\/09\/bottazzi2-768x432.jpg 768w, https:\/\/www.gruppoceis.it\/lanostrastoria\/wp-content\/uploads\/2022\/09\/bottazzi2-366x205.jpg 366w, https:\/\/www.gruppoceis.it\/lanostrastoria\/wp-content\/uploads\/2022\/09\/bottazzi2-534x300.jpg 534w, https:\/\/www.gruppoceis.it\/lanostrastoria\/wp-content\/uploads\/2022\/09\/bottazzi2-165x92.jpg 165w, https:\/\/www.gruppoceis.it\/lanostrastoria\/wp-content\/uploads\/2022\/09\/bottazzi2-249x140.jpg 249w, https:\/\/www.gruppoceis.it\/lanostrastoria\/wp-content\/uploads\/2022\/09\/bottazzi2-232x130.jpg 232w, https:\/\/www.gruppoceis.it\/lanostrastoria\/wp-content\/uploads\/2022\/09\/bottazzi2-76x42.jpg 76w, https:\/\/www.gruppoceis.it\/lanostrastoria\/wp-content\/uploads\/2022\/09\/bottazzi2-123x69.jpg 123w\" sizes=\"auto, (max-width: 344px) 100vw, 344px\" \/><\/a>\n\t\t\t<\/div><\/figure><figure class='gallery-item'>\n\t\t\t<div class='gallery-icon landscape'>\n\t\t\t\t<a href='https:\/\/www.gruppoceis.it\/lanostrastoria\/wp-content\/uploads\/2022\/02\/CEIS-IL-PONTE.jpg'><img loading=\"lazy\" decoding=\"async\" width=\"344\" height=\"193\" src=\"https:\/\/www.gruppoceis.it\/lanostrastoria\/wp-content\/uploads\/2022\/02\/CEIS-IL-PONTE-344x193.jpg\" class=\"attachment-vlog-lay-e-full size-vlog-lay-e-full\" alt=\"\" aria-describedby=\"gallery-1-2021\" srcset=\"https:\/\/www.gruppoceis.it\/lanostrastoria\/wp-content\/uploads\/2022\/02\/CEIS-IL-PONTE-344x193.jpg 344w, https:\/\/www.gruppoceis.it\/lanostrastoria\/wp-content\/uploads\/2022\/02\/CEIS-IL-PONTE-768x432.jpg 768w, https:\/\/www.gruppoceis.it\/lanostrastoria\/wp-content\/uploads\/2022\/02\/CEIS-IL-PONTE-366x205.jpg 366w, https:\/\/www.gruppoceis.it\/lanostrastoria\/wp-content\/uploads\/2022\/02\/CEIS-IL-PONTE-534x300.jpg 534w, https:\/\/www.gruppoceis.it\/lanostrastoria\/wp-content\/uploads\/2022\/02\/CEIS-IL-PONTE-165x92.jpg 165w, https:\/\/www.gruppoceis.it\/lanostrastoria\/wp-content\/uploads\/2022\/02\/CEIS-IL-PONTE-249x140.jpg 249w, https:\/\/www.gruppoceis.it\/lanostrastoria\/wp-content\/uploads\/2022\/02\/CEIS-IL-PONTE-232x130.jpg 232w, https:\/\/www.gruppoceis.it\/lanostrastoria\/wp-content\/uploads\/2022\/02\/CEIS-IL-PONTE-76x42.jpg 76w, https:\/\/www.gruppoceis.it\/lanostrastoria\/wp-content\/uploads\/2022\/02\/CEIS-IL-PONTE-123x69.jpg 123w\" sizes=\"auto, (max-width: 344px) 100vw, 344px\" \/><\/a>\n\t\t\t<\/div>\n\t\t\t\t<figcaption class='wp-caption-text gallery-caption' id='gallery-1-2021'>\n\t\t\t\tComunit\u00e0 Il Ponte\n\t\t\t\t<\/figcaption><\/figure><figure class='gallery-item'>\n\t\t\t<div class='gallery-icon landscape'>\n\t\t\t\t<a href='https:\/\/www.gruppoceis.it\/lanostrastoria\/wp-content\/uploads\/2022\/02\/CEIS-COCCINELLA-2.jpg'><img loading=\"lazy\" decoding=\"async\" width=\"344\" height=\"193\" src=\"https:\/\/www.gruppoceis.it\/lanostrastoria\/wp-content\/uploads\/2022\/02\/CEIS-COCCINELLA-2-344x193.jpg\" class=\"attachment-vlog-lay-e-full size-vlog-lay-e-full\" alt=\"\" srcset=\"https:\/\/www.gruppoceis.it\/lanostrastoria\/wp-content\/uploads\/2022\/02\/CEIS-COCCINELLA-2-344x193.jpg 344w, https:\/\/www.gruppoceis.it\/lanostrastoria\/wp-content\/uploads\/2022\/02\/CEIS-COCCINELLA-2-768x432.jpg 768w, https:\/\/www.gruppoceis.it\/lanostrastoria\/wp-content\/uploads\/2022\/02\/CEIS-COCCINELLA-2-366x205.jpg 366w, https:\/\/www.gruppoceis.it\/lanostrastoria\/wp-content\/uploads\/2022\/02\/CEIS-COCCINELLA-2-534x300.jpg 534w, https:\/\/www.gruppoceis.it\/lanostrastoria\/wp-content\/uploads\/2022\/02\/CEIS-COCCINELLA-2-165x92.jpg 165w, https:\/\/www.gruppoceis.it\/lanostrastoria\/wp-content\/uploads\/2022\/02\/CEIS-COCCINELLA-2-249x140.jpg 249w, https:\/\/www.gruppoceis.it\/lanostrastoria\/wp-content\/uploads\/2022\/02\/CEIS-COCCINELLA-2-232x130.jpg 232w, https:\/\/www.gruppoceis.it\/lanostrastoria\/wp-content\/uploads\/2022\/02\/CEIS-COCCINELLA-2-76x42.jpg 76w, https:\/\/www.gruppoceis.it\/lanostrastoria\/wp-content\/uploads\/2022\/02\/CEIS-COCCINELLA-2-123x69.jpg 123w\" sizes=\"auto, (max-width: 344px) 100vw, 344px\" \/><\/a>\n\t\t\t<\/div><\/figure><figure class='gallery-item'>\n\t\t\t<div class='gallery-icon landscape'>\n\t\t\t\t<a href='https:\/\/www.gruppoceis.it\/lanostrastoria\/wp-content\/uploads\/2022\/09\/bottazzi04.jpg'><img loading=\"lazy\" decoding=\"async\" width=\"344\" height=\"193\" src=\"https:\/\/www.gruppoceis.it\/lanostrastoria\/wp-content\/uploads\/2022\/09\/bottazzi04-344x193.jpg\" class=\"attachment-vlog-lay-e-full size-vlog-lay-e-full\" alt=\"\" srcset=\"https:\/\/www.gruppoceis.it\/lanostrastoria\/wp-content\/uploads\/2022\/09\/bottazzi04-344x193.jpg 344w, https:\/\/www.gruppoceis.it\/lanostrastoria\/wp-content\/uploads\/2022\/09\/bottazzi04-768x432.jpg 768w, https:\/\/www.gruppoceis.it\/lanostrastoria\/wp-content\/uploads\/2022\/09\/bottazzi04-366x205.jpg 366w, https:\/\/www.gruppoceis.it\/lanostrastoria\/wp-content\/uploads\/2022\/09\/bottazzi04-534x300.jpg 534w, https:\/\/www.gruppoceis.it\/lanostrastoria\/wp-content\/uploads\/2022\/09\/bottazzi04-165x92.jpg 165w, https:\/\/www.gruppoceis.it\/lanostrastoria\/wp-content\/uploads\/2022\/09\/bottazzi04-249x140.jpg 249w, https:\/\/www.gruppoceis.it\/lanostrastoria\/wp-content\/uploads\/2022\/09\/bottazzi04-232x130.jpg 232w, https:\/\/www.gruppoceis.it\/lanostrastoria\/wp-content\/uploads\/2022\/09\/bottazzi04-76x42.jpg 76w, https:\/\/www.gruppoceis.it\/lanostrastoria\/wp-content\/uploads\/2022\/09\/bottazzi04-123x69.jpg 123w\" sizes=\"auto, (max-width: 344px) 100vw, 344px\" \/><\/a>\n\t\t\t<\/div><\/figure><figure class='gallery-item'>\n\t\t\t<div class='gallery-icon landscape'>\n\t\t\t\t<a href='https:\/\/www.gruppoceis.it\/lanostrastoria\/wp-content\/uploads\/2022\/09\/adolescent01.jpg'><img loading=\"lazy\" decoding=\"async\" width=\"344\" height=\"193\" src=\"https:\/\/www.gruppoceis.it\/lanostrastoria\/wp-content\/uploads\/2022\/09\/adolescent01-344x193.jpg\" class=\"attachment-vlog-lay-e-full size-vlog-lay-e-full\" alt=\"\" srcset=\"https:\/\/www.gruppoceis.it\/lanostrastoria\/wp-content\/uploads\/2022\/09\/adolescent01-344x193.jpg 344w, https:\/\/www.gruppoceis.it\/lanostrastoria\/wp-content\/uploads\/2022\/09\/adolescent01-768x432.jpg 768w, https:\/\/www.gruppoceis.it\/lanostrastoria\/wp-content\/uploads\/2022\/09\/adolescent01-366x205.jpg 366w, https:\/\/www.gruppoceis.it\/lanostrastoria\/wp-content\/uploads\/2022\/09\/adolescent01-534x300.jpg 534w, https:\/\/www.gruppoceis.it\/lanostrastoria\/wp-content\/uploads\/2022\/09\/adolescent01-165x92.jpg 165w, https:\/\/www.gruppoceis.it\/lanostrastoria\/wp-content\/uploads\/2022\/09\/adolescent01-249x140.jpg 249w, https:\/\/www.gruppoceis.it\/lanostrastoria\/wp-content\/uploads\/2022\/09\/adolescent01-232x130.jpg 232w, https:\/\/www.gruppoceis.it\/lanostrastoria\/wp-content\/uploads\/2022\/09\/adolescent01-76x42.jpg 76w, https:\/\/www.gruppoceis.it\/lanostrastoria\/wp-content\/uploads\/2022\/09\/adolescent01-123x69.jpg 123w\" sizes=\"auto, (max-width: 344px) 100vw, 344px\" \/><\/a>\n\t\t\t<\/div><\/figure><figure class='gallery-item'>\n\t\t\t<div class='gallery-icon landscape'>\n\t\t\t\t<a href='https:\/\/www.gruppoceis.it\/lanostrastoria\/wp-content\/uploads\/2022\/02\/minori.jpg'><img loading=\"lazy\" decoding=\"async\" width=\"344\" height=\"193\" src=\"https:\/\/www.gruppoceis.it\/lanostrastoria\/wp-content\/uploads\/2022\/02\/minori-344x193.jpg\" class=\"attachment-vlog-lay-e-full size-vlog-lay-e-full\" alt=\"\" srcset=\"https:\/\/www.gruppoceis.it\/lanostrastoria\/wp-content\/uploads\/2022\/02\/minori-344x193.jpg 344w, https:\/\/www.gruppoceis.it\/lanostrastoria\/wp-content\/uploads\/2022\/02\/minori-768x432.jpg 768w, https:\/\/www.gruppoceis.it\/lanostrastoria\/wp-content\/uploads\/2022\/02\/minori-366x205.jpg 366w, https:\/\/www.gruppoceis.it\/lanostrastoria\/wp-content\/uploads\/2022\/02\/minori-534x300.jpg 534w, https:\/\/www.gruppoceis.it\/lanostrastoria\/wp-content\/uploads\/2022\/02\/minori-165x92.jpg 165w, https:\/\/www.gruppoceis.it\/lanostrastoria\/wp-content\/uploads\/2022\/02\/minori-249x140.jpg 249w, https:\/\/www.gruppoceis.it\/lanostrastoria\/wp-content\/uploads\/2022\/02\/minori-232x130.jpg 232w, https:\/\/www.gruppoceis.it\/lanostrastoria\/wp-content\/uploads\/2022\/02\/minori-76x42.jpg 76w, https:\/\/www.gruppoceis.it\/lanostrastoria\/wp-content\/uploads\/2022\/02\/minori-123x69.jpg 123w\" sizes=\"auto, (max-width: 344px) 100vw, 344px\" \/><\/a>\n\t\t\t<\/div><\/figure>\n\t\t<\/div>\n\n<hr \/>\n<p>&nbsp;<\/p>\n","protected":false},"excerpt":{"rendered":"<p>&#8211;<\/p>\n","protected":false},"author":1,"featured_media":2406,"comment_status":"closed","ping_status":"closed","sticky":false,"template":"","format":"video","meta":{"footnotes":"","_links_to":"","_links_to_target":""},"categories":[9],"tags":[72,71],"series":[],"class_list":["post-57","post","type-post","status-publish","format-video","has-post-thumbnail","hentry","category-adolescenti-e-minori","tag-box-home","tag-video","post_format-post-format-video"],"yoast_head":"<!-- This site is optimized with the Yoast SEO plugin v26.0 - https:\/\/yoast.com\/wordpress\/plugins\/seo\/ -->\n<title>Adolescenti e minori - CEIS 40<\/title>\n<meta name=\"robots\" content=\"index, follow, max-snippet:-1, max-image-preview:large, max-video-preview:-1\" \/>\n<link rel=\"canonical\" href=\"https:\/\/www.gruppoceis.it\/lanostrastoria\/adolescenti-e-minori\/\" \/>\n<meta property=\"og:locale\" content=\"it_IT\" \/>\n<meta property=\"og:type\" content=\"article\" \/>\n<meta property=\"og:title\" content=\"Adolescenti e minori - CEIS 40\" \/>\n<meta property=\"og:description\" content=\"-\" \/>\n<meta property=\"og:url\" content=\"https:\/\/www.gruppoceis.it\/lanostrastoria\/adolescenti-e-minori\/\" \/>\n<meta property=\"og:site_name\" content=\"CEIS 40\" \/>\n<meta property=\"article:publisher\" content=\"https:\/\/www.facebook.com\/gruppoceis\" \/>\n<meta property=\"article:author\" content=\"#\" \/>\n<meta property=\"article:published_time\" content=\"2022-02-27T15:10:27+00:00\" \/>\n<meta property=\"article:modified_time\" content=\"2024-04-13T21:19:13+00:00\" \/>\n<meta property=\"og:image\" content=\"https:\/\/www.gruppoceis.it\/lanostrastoria\/wp-content\/uploads\/2022\/02\/home_adolescenti_minori.jpg\" \/>\n\t<meta property=\"og:image:width\" content=\"1280\" \/>\n\t<meta property=\"og:image:height\" content=\"720\" \/>\n\t<meta property=\"og:image:type\" content=\"image\/jpeg\" \/>\n<meta name=\"author\" content=\"admin\" \/>\n<meta name=\"twitter:card\" content=\"summary_large_image\" \/>\n<meta name=\"twitter:creator\" content=\"@#\" \/>\n<meta name=\"twitter:label1\" content=\"Scritto da\" \/>\n\t<meta name=\"twitter:data1\" content=\"admin\" \/>\n\t<meta name=\"twitter:label2\" content=\"Tempo di lettura stimato\" \/>\n\t<meta name=\"twitter:data2\" content=\"2 minuti\" \/>\n<script type=\"application\/ld+json\" class=\"yoast-schema-graph\">{\"@context\":\"https:\/\/schema.org\",\"@graph\":[{\"@type\":\"Article\",\"@id\":\"https:\/\/www.gruppoceis.it\/lanostrastoria\/adolescenti-e-minori\/#article\",\"isPartOf\":{\"@id\":\"https:\/\/www.gruppoceis.it\/lanostrastoria\/adolescenti-e-minori\/\"},\"author\":{\"name\":\"admin\",\"@id\":\"https:\/\/www.gruppoceis.it\/lanostrastoria\/#\/schema\/person\/6ab112b522433fb306565f64e7a22060\"},\"headline\":\"Adolescenti e minori\",\"datePublished\":\"2022-02-27T15:10:27+00:00\",\"dateModified\":\"2024-04-13T21:19:13+00:00\",\"mainEntityOfPage\":{\"@id\":\"https:\/\/www.gruppoceis.it\/lanostrastoria\/adolescenti-e-minori\/\"},\"wordCount\":425,\"publisher\":{\"@id\":\"https:\/\/www.gruppoceis.it\/lanostrastoria\/#organization\"},\"image\":{\"@id\":\"https:\/\/www.gruppoceis.it\/lanostrastoria\/adolescenti-e-minori\/#primaryimage\"},\"thumbnailUrl\":\"https:\/\/www.gruppoceis.it\/lanostrastoria\/wp-content\/uploads\/2022\/02\/home_adolescenti_minori.jpg\",\"keywords\":[\"Box-home\",\"Video\"],\"articleSection\":[\"Adolescenti e minori\"],\"inLanguage\":\"it-IT\"},{\"@type\":\"WebPage\",\"@id\":\"https:\/\/www.gruppoceis.it\/lanostrastoria\/adolescenti-e-minori\/\",\"url\":\"https:\/\/www.gruppoceis.it\/lanostrastoria\/adolescenti-e-minori\/\",\"name\":\"Adolescenti e minori - CEIS 40\",\"isPartOf\":{\"@id\":\"https:\/\/www.gruppoceis.it\/lanostrastoria\/#website\"},\"primaryImageOfPage\":{\"@id\":\"https:\/\/www.gruppoceis.it\/lanostrastoria\/adolescenti-e-minori\/#primaryimage\"},\"image\":{\"@id\":\"https:\/\/www.gruppoceis.it\/lanostrastoria\/adolescenti-e-minori\/#primaryimage\"},\"thumbnailUrl\":\"https:\/\/www.gruppoceis.it\/lanostrastoria\/wp-content\/uploads\/2022\/02\/home_adolescenti_minori.jpg\",\"datePublished\":\"2022-02-27T15:10:27+00:00\",\"dateModified\":\"2024-04-13T21:19:13+00:00\",\"breadcrumb\":{\"@id\":\"https:\/\/www.gruppoceis.it\/lanostrastoria\/adolescenti-e-minori\/#breadcrumb\"},\"inLanguage\":\"it-IT\",\"potentialAction\":[{\"@type\":\"ReadAction\",\"target\":[\"https:\/\/www.gruppoceis.it\/lanostrastoria\/adolescenti-e-minori\/\"]}]},{\"@type\":\"ImageObject\",\"inLanguage\":\"it-IT\",\"@id\":\"https:\/\/www.gruppoceis.it\/lanostrastoria\/adolescenti-e-minori\/#primaryimage\",\"url\":\"https:\/\/www.gruppoceis.it\/lanostrastoria\/wp-content\/uploads\/2022\/02\/home_adolescenti_minori.jpg\",\"contentUrl\":\"https:\/\/www.gruppoceis.it\/lanostrastoria\/wp-content\/uploads\/2022\/02\/home_adolescenti_minori.jpg\",\"width\":1280,\"height\":720},{\"@type\":\"BreadcrumbList\",\"@id\":\"https:\/\/www.gruppoceis.it\/lanostrastoria\/adolescenti-e-minori\/#breadcrumb\",\"itemListElement\":[{\"@type\":\"ListItem\",\"position\":1,\"name\":\"Home\",\"item\":\"https:\/\/www.gruppoceis.it\/lanostrastoria\/\"},{\"@type\":\"ListItem\",\"position\":2,\"name\":\"Adolescenti e minori\",\"item\":\"https:\/\/www.gruppoceis.it\/lanostrastoria\/category\/adolescenti-e-minori\/\"},{\"@type\":\"ListItem\",\"position\":3,\"name\":\"Adolescenti e minori\"}]},{\"@type\":\"WebSite\",\"@id\":\"https:\/\/www.gruppoceis.it\/lanostrastoria\/#website\",\"url\":\"https:\/\/www.gruppoceis.it\/lanostrastoria\/\",\"name\":\"CEIS 40\",\"description\":\"La nostra storia\",\"publisher\":{\"@id\":\"https:\/\/www.gruppoceis.it\/lanostrastoria\/#organization\"},\"potentialAction\":[{\"@type\":\"SearchAction\",\"target\":{\"@type\":\"EntryPoint\",\"urlTemplate\":\"https:\/\/www.gruppoceis.it\/lanostrastoria\/?s={search_term_string}\"},\"query-input\":{\"@type\":\"PropertyValueSpecification\",\"valueRequired\":true,\"valueName\":\"search_term_string\"}}],\"inLanguage\":\"it-IT\"},{\"@type\":\"Organization\",\"@id\":\"https:\/\/www.gruppoceis.it\/lanostrastoria\/#organization\",\"name\":\"Fondazione CEIS\",\"url\":\"https:\/\/www.gruppoceis.it\/lanostrastoria\/\",\"logo\":{\"@type\":\"ImageObject\",\"inLanguage\":\"it-IT\",\"@id\":\"https:\/\/www.gruppoceis.it\/lanostrastoria\/#\/schema\/logo\/image\/\",\"url\":\"https:\/\/www.gruppoceis.it\/lanostrastoria\/wp-content\/uploads\/2022\/11\/ceis40-250px.png\",\"contentUrl\":\"https:\/\/www.gruppoceis.it\/lanostrastoria\/wp-content\/uploads\/2022\/11\/ceis40-250px.png\",\"width\":250,\"height\":149,\"caption\":\"Fondazione CEIS\"},\"image\":{\"@id\":\"https:\/\/www.gruppoceis.it\/lanostrastoria\/#\/schema\/logo\/image\/\"},\"sameAs\":[\"https:\/\/www.facebook.com\/gruppoceis\"]},{\"@type\":\"Person\",\"@id\":\"https:\/\/www.gruppoceis.it\/lanostrastoria\/#\/schema\/person\/6ab112b522433fb306565f64e7a22060\",\"name\":\"admin\",\"sameAs\":[\"https:\/\/www.gruppoceis.it\/lanostrastoria\",\"#\",\"https:\/\/x.com\/#\"],\"url\":\"https:\/\/www.gruppoceis.it\/lanostrastoria\/author\/admin\/\"}]}<\/script>\n<!-- \/ Yoast SEO plugin. -->","yoast_head_json":{"title":"Adolescenti e minori - CEIS 40","robots":{"index":"index","follow":"follow","max-snippet":"max-snippet:-1","max-image-preview":"max-image-preview:large","max-video-preview":"max-video-preview:-1"},"canonical":"https:\/\/www.gruppoceis.it\/lanostrastoria\/adolescenti-e-minori\/","og_locale":"it_IT","og_type":"article","og_title":"Adolescenti e minori - CEIS 40","og_description":"-","og_url":"https:\/\/www.gruppoceis.it\/lanostrastoria\/adolescenti-e-minori\/","og_site_name":"CEIS 40","article_publisher":"https:\/\/www.facebook.com\/gruppoceis","article_author":"#","article_published_time":"2022-02-27T15:10:27+00:00","article_modified_time":"2024-04-13T21:19:13+00:00","og_image":[{"width":1280,"height":720,"url":"https:\/\/www.gruppoceis.it\/lanostrastoria\/wp-content\/uploads\/2022\/02\/home_adolescenti_minori.jpg","type":"image\/jpeg"}],"author":"admin","twitter_card":"summary_large_image","twitter_creator":"@#","twitter_misc":{"Scritto da":"admin","Tempo di lettura stimato":"2 minuti"},"schema":{"@context":"https:\/\/schema.org","@graph":[{"@type":"Article","@id":"https:\/\/www.gruppoceis.it\/lanostrastoria\/adolescenti-e-minori\/#article","isPartOf":{"@id":"https:\/\/www.gruppoceis.it\/lanostrastoria\/adolescenti-e-minori\/"},"author":{"name":"admin","@id":"https:\/\/www.gruppoceis.it\/lanostrastoria\/#\/schema\/person\/6ab112b522433fb306565f64e7a22060"},"headline":"Adolescenti e minori","datePublished":"2022-02-27T15:10:27+00:00","dateModified":"2024-04-13T21:19:13+00:00","mainEntityOfPage":{"@id":"https:\/\/www.gruppoceis.it\/lanostrastoria\/adolescenti-e-minori\/"},"wordCount":425,"publisher":{"@id":"https:\/\/www.gruppoceis.it\/lanostrastoria\/#organization"},"image":{"@id":"https:\/\/www.gruppoceis.it\/lanostrastoria\/adolescenti-e-minori\/#primaryimage"},"thumbnailUrl":"https:\/\/www.gruppoceis.it\/lanostrastoria\/wp-content\/uploads\/2022\/02\/home_adolescenti_minori.jpg","keywords":["Box-home","Video"],"articleSection":["Adolescenti e minori"],"inLanguage":"it-IT"},{"@type":"WebPage","@id":"https:\/\/www.gruppoceis.it\/lanostrastoria\/adolescenti-e-minori\/","url":"https:\/\/www.gruppoceis.it\/lanostrastoria\/adolescenti-e-minori\/","name":"Adolescenti e minori - CEIS 40","isPartOf":{"@id":"https:\/\/www.gruppoceis.it\/lanostrastoria\/#website"},"primaryImageOfPage":{"@id":"https:\/\/www.gruppoceis.it\/lanostrastoria\/adolescenti-e-minori\/#primaryimage"},"image":{"@id":"https:\/\/www.gruppoceis.it\/lanostrastoria\/adolescenti-e-minori\/#primaryimage"},"thumbnailUrl":"https:\/\/www.gruppoceis.it\/lanostrastoria\/wp-content\/uploads\/2022\/02\/home_adolescenti_minori.jpg","datePublished":"2022-02-27T15:10:27+00:00","dateModified":"2024-04-13T21:19:13+00:00","breadcrumb":{"@id":"https:\/\/www.gruppoceis.it\/lanostrastoria\/adolescenti-e-minori\/#breadcrumb"},"inLanguage":"it-IT","potentialAction":[{"@type":"ReadAction","target":["https:\/\/www.gruppoceis.it\/lanostrastoria\/adolescenti-e-minori\/"]}]},{"@type":"ImageObject","inLanguage":"it-IT","@id":"https:\/\/www.gruppoceis.it\/lanostrastoria\/adolescenti-e-minori\/#primaryimage","url":"https:\/\/www.gruppoceis.it\/lanostrastoria\/wp-content\/uploads\/2022\/02\/home_adolescenti_minori.jpg","contentUrl":"https:\/\/www.gruppoceis.it\/lanostrastoria\/wp-content\/uploads\/2022\/02\/home_adolescenti_minori.jpg","width":1280,"height":720},{"@type":"BreadcrumbList","@id":"https:\/\/www.gruppoceis.it\/lanostrastoria\/adolescenti-e-minori\/#breadcrumb","itemListElement":[{"@type":"ListItem","position":1,"name":"Home","item":"https:\/\/www.gruppoceis.it\/lanostrastoria\/"},{"@type":"ListItem","position":2,"name":"Adolescenti e minori","item":"https:\/\/www.gruppoceis.it\/lanostrastoria\/category\/adolescenti-e-minori\/"},{"@type":"ListItem","position":3,"name":"Adolescenti e minori"}]},{"@type":"WebSite","@id":"https:\/\/www.gruppoceis.it\/lanostrastoria\/#website","url":"https:\/\/www.gruppoceis.it\/lanostrastoria\/","name":"CEIS 40","description":"La nostra storia","publisher":{"@id":"https:\/\/www.gruppoceis.it\/lanostrastoria\/#organization"},"potentialAction":[{"@type":"SearchAction","target":{"@type":"EntryPoint","urlTemplate":"https:\/\/www.gruppoceis.it\/lanostrastoria\/?s={search_term_string}"},"query-input":{"@type":"PropertyValueSpecification","valueRequired":true,"valueName":"search_term_string"}}],"inLanguage":"it-IT"},{"@type":"Organization","@id":"https:\/\/www.gruppoceis.it\/lanostrastoria\/#organization","name":"Fondazione CEIS","url":"https:\/\/www.gruppoceis.it\/lanostrastoria\/","logo":{"@type":"ImageObject","inLanguage":"it-IT","@id":"https:\/\/www.gruppoceis.it\/lanostrastoria\/#\/schema\/logo\/image\/","url":"https:\/\/www.gruppoceis.it\/lanostrastoria\/wp-content\/uploads\/2022\/11\/ceis40-250px.png","contentUrl":"https:\/\/www.gruppoceis.it\/lanostrastoria\/wp-content\/uploads\/2022\/11\/ceis40-250px.png","width":250,"height":149,"caption":"Fondazione CEIS"},"image":{"@id":"https:\/\/www.gruppoceis.it\/lanostrastoria\/#\/schema\/logo\/image\/"},"sameAs":["https:\/\/www.facebook.com\/gruppoceis"]},{"@type":"Person","@id":"https:\/\/www.gruppoceis.it\/lanostrastoria\/#\/schema\/person\/6ab112b522433fb306565f64e7a22060","name":"admin","sameAs":["https:\/\/www.gruppoceis.it\/lanostrastoria","#","https:\/\/x.com\/#"],"url":"https:\/\/www.gruppoceis.it\/lanostrastoria\/author\/admin\/"}]}},"_links":{"self":[{"href":"https:\/\/www.gruppoceis.it\/lanostrastoria\/wp-json\/wp\/v2\/posts\/57","targetHints":{"allow":["GET"]}}],"collection":[{"href":"https:\/\/www.gruppoceis.it\/lanostrastoria\/wp-json\/wp\/v2\/posts"}],"about":[{"href":"https:\/\/www.gruppoceis.it\/lanostrastoria\/wp-json\/wp\/v2\/types\/post"}],"author":[{"embeddable":true,"href":"https:\/\/www.gruppoceis.it\/lanostrastoria\/wp-json\/wp\/v2\/users\/1"}],"replies":[{"embeddable":true,"href":"https:\/\/www.gruppoceis.it\/lanostrastoria\/wp-json\/wp\/v2\/comments?post=57"}],"version-history":[{"count":51,"href":"https:\/\/www.gruppoceis.it\/lanostrastoria\/wp-json\/wp\/v2\/posts\/57\/revisions"}],"predecessor-version":[{"id":1393,"href":"https:\/\/www.gruppoceis.it\/lanostrastoria\/wp-json\/wp\/v2\/posts\/57\/revisions\/1393"}],"wp:featuredmedia":[{"embeddable":true,"href":"https:\/\/www.gruppoceis.it\/lanostrastoria\/wp-json\/wp\/v2\/media\/2406"}],"wp:attachment":[{"href":"https:\/\/www.gruppoceis.it\/lanostrastoria\/wp-json\/wp\/v2\/media?parent=57"}],"wp:term":[{"taxonomy":"category","embeddable":true,"href":"https:\/\/www.gruppoceis.it\/lanostrastoria\/wp-json\/wp\/v2\/categories?post=57"},{"taxonomy":"post_tag","embeddable":true,"href":"https:\/\/www.gruppoceis.it\/lanostrastoria\/wp-json\/wp\/v2\/tags?post=57"},{"taxonomy":"series","embeddable":true,"href":"https:\/\/www.gruppoceis.it\/lanostrastoria\/wp-json\/wp\/v2\/series?post=57"}],"curies":[{"name":"wp","href":"https:\/\/api.w.org\/{rel}","templated":true}]}}