{"id":533,"date":"2022-10-21T17:40:35","date_gmt":"2022-10-21T15:40:35","guid":{"rendered":"https:\/\/www.gruppoceis.it\/lanostrastoria\/?p=533"},"modified":"2022-12-09T11:13:53","modified_gmt":"2022-12-09T10:13:53","slug":"a-fianco-della-persona-perche-possa-riprendersi-la-propria-vita","status":"publish","type":"post","link":"https:\/\/www.gruppoceis.it\/lanostrastoria\/a-fianco-della-persona-perche-possa-riprendersi-la-propria-vita\/","title":{"rendered":"Padre Giuliano Stenico: &#8220;Ascolto, relazioni, persone&#8221;"},"content":{"rendered":"<p><iframe loading=\"lazy\" title=\"Padre Giuliano Stenico: &quot;La persona al centro&quot; - 40\u00b0CEIS\" width=\"1104\" height=\"621\" src=\"https:\/\/www.youtube.com\/embed\/-FpvBLGwZAg?feature=oembed\" frameborder=\"0\" allow=\"accelerometer; autoplay; clipboard-write; encrypted-media; gyroscope; picture-in-picture\" allowfullscreen><\/iframe><\/p>\n<p><strong>di Padre Giuliano Stenico* <\/strong><\/p>\n<p>Ho una domanda per lei: perch\u00e9 ha voluto fondare il CEIS?<\/p>\n<p><em>\u201cVeniva fuori un problema e noi l\u2019affrontavamo. Prima le tossicodipendenze, poi l\u2019Aids, i malati psichici, i minori, i disturbi del comportamento alimentare. i rifugiati richiedenti asilo\u2026\u201d.<\/em><\/p>\n<p>Cos\u00ec sono nate La Torre, La Barca, Casa San Lazzaro, Coccinella, Agave? \u00c8 lei che trova le case?.<\/p>\n<p><em>\u201cS\u00ec\u201d. <\/em><\/p>\n<p>Ha mai avuto problemi?.<\/p>\n<p><em>\u201cSempre. Abbiamo aperte case per tossicodipendenti e la gente diceva: qui vengono gli spacciatori. Abbiamo inaugurato la residenza sanitaria psichiatrica e i commenti erano: i matti vicino casa non li vogliamo\u201d. <\/em><\/p>\n<p>Tutto questo nell\u2019arco di 40 anni?<\/p>\n<p><em>\u201cS\u00ec, e ho cominciato che avevo 33 anni\u2026\u201d. <\/em><\/p>\n<p><img loading=\"lazy\" decoding=\"async\" class=\"aligncenter size-full wp-image-3071\" src=\"https:\/\/www.gruppoceis.it\/lanostrastoria\/wp-content\/uploads\/2022\/10\/stenico_05.jpg\" alt=\"\" width=\"1000\" height=\"700\" srcset=\"https:\/\/www.gruppoceis.it\/lanostrastoria\/wp-content\/uploads\/2022\/10\/stenico_05.jpg 1000w, https:\/\/www.gruppoceis.it\/lanostrastoria\/wp-content\/uploads\/2022\/10\/stenico_05-300x210.jpg 300w, https:\/\/www.gruppoceis.it\/lanostrastoria\/wp-content\/uploads\/2022\/10\/stenico_05-768x538.jpg 768w\" sizes=\"auto, (max-width: 1000px) 100vw, 1000px\" \/><\/p>\n<span class=\"mks_dropcap_letter\" style=\"font-size: 80px; color: #266d40; \">I<\/span>l <strong>CEIS nasce il 13 dicembre 1982,<\/strong> a seguito di un mio coinvolgimento mosso dall\u2019ascolto di persone, in particolare genitori, che avevano il problema della <strong>tossicodipendenza<\/strong> dei figli che assumevano sostanze<strong>. <\/strong>Le famiglie furono subito coinvolte nella costruzione del \u201cProgramma CEIS\u201d, sulla metodologia del \u201cProgetto Uomo\u201d che ancora oggi accomuna i CEIS nazionali.<\/p>\n<p>A partire da questo approccio, nel tempo abbiamo intercettato e coinvolto molti compagni di viaggio. Non solo genitori ma anche volontari, che ci hanno aiutato a trovare le strutture e le alleanze necessarie.<\/p>\n<p>\u00c8 stato un cammino comune: al di l\u00e0 delle situazioni personali e del \u201cruolo\u201d, vuoi come genitori, operatori o volontari, eravamo uniti tutti dalla stessa passione e dal medesimo obiettivo: offrire alle persone una via di uscita da sofferenze molto significative e importanti.<\/p>\n<p>La storia del CEIS \u00e8 partita proprio dalla tossicodipendenza perch\u00e9 negli anni \u201880 la droga era un\u2019emergenza assoluta, una tragedia, e non c\u2019erano risposte adatte per affrontarla.<\/p>\n<p>Dopo il primo servizio di accoglienza, aperto a Modena in via Bacelli e che signific\u00f2 creare un contatto con le famiglie, offrire sostegno,\u00a0 motivare i ragazzi a intraprendere un percorso comunitario all\u2019inizio percepito come molto impegnativo, nel 1983 ecco la prima Comunit\u00e0 terapeutica, all\u2019inizio provvisoriamente in una casa messa a disposizione da un amico a Lesignana. L\u2019esperienza fu poi trasferita presso <strong>La Torre a Modena<\/strong>, l\u2019attuale Comunit\u00e0.<\/p>\n<p>Il periodo di contatto iniziale con le famiglie e con i ragazzi si trasform\u00f2 e si allung\u00f2, diventando accoglienza diurna. Dopodich\u00e9 si \u00e8 sviluppato il rientro come ultimo passaggio, ovvero l\u2019ospitalit\u00e0 dei ragazzi in appartamenti all\u2019esterno della Comunit\u00e0, con percorsi dedicati per affrontare i temi dell\u2019inserimento sociale e lavorativo, fino ad accompagnarli all\u2019autonomia definitiva.<\/p>\n<p><strong>La Comunit\u00e0 La Torre<\/strong> \u00e8 stata sin dall\u2019inizio \u201cmista\u201d, accogliendo sia maschi che femmine.\u00a0 Negli anni successivi decidemmo di costruire a Modena una nuova Comunit\u00e0, <strong>Casa Mimosa,<\/strong> dove le madri potessero seguire il &#8220;percorso&#8221; rimanendo insieme ai figli. La percentuale di ricaduta nella dipendenza si abbass\u00f2 in maniera fortissima, fino quasi a scomparire. Nel lavorare contemporaneamente sulle competenze genitoriali delle ospiti e sulla problematica della tossicodipendenza abbiamo ottenuto successi molto importanti.<\/p>\n<p>La seconda Comunit\u00e0 aperta a Modena fu <strong>Casa San Lazzaro<\/strong>, nata come progetto per accogliere malati di Aids, a seguito dell\u2019osservazione, a met\u00e0 anni \u201980, del fatto che il contagio si diffondeva prevalentemente tra i tossicodipendenti. Immaginammo dunque di dover dare una risposta al problema e, in accordo con il Reparto Malattie Infettive e con il SERT, nacque la Casa Alloggio.<\/p>\n<p>Oggi nelle strutture per malati di Aids, oltre a Casa San Lazzaro abbiamo <strong>Casa Padre Marella<\/strong> a Bologna, vengono inviate persone con malattie croniche. La caratteristica principale \u00e8 che l&#8217;attenzione \u00e8 rivolta non tanto alla malattia, ma al contesto e alla &#8220;rete&#8221; sociale da costruire attorno a queste persone.<\/p>\n<p>Quando l\u2019ospedale psichiatrico di Reggio Emilia chiuse, noi ci presentammo per accogliere quelli che allora venivano chiamati, in maniera orribile, i <strong>\u201cresiduati manicomiali\u201d.<\/strong> La nostra ipotesi era, aprendo la Comunit\u00e0 <strong>La Barca,<\/strong> di destrutturare quegli aspetti istituzionalizzanti che i malati avevano assunto, e ci\u00f2 avvenne attraverso una partecipazione effettiva e sentita alla vita della Comunit\u00e0.<\/p>\n<p>Tuttora siamo convinti che i nostri servizi e le Comunit\u00e0 debbano essere luoghi di riabilitazione, che occorra aiutare gli ospiti ad esprimere le loro possibili autonomie, le abilit\u00e0 e le competenze partecipative.<\/p>\n<p>Negli anni si \u00e8 manifestata l\u2019esigenza di dare risposta al crescente numero di <strong>minori italiani<\/strong> con problemi di tossicodipendenza. Abbiamo aperto dei moduli all\u2019interno delle Comunit\u00e0 terapeutiche tradizionali con l\u2019idea di ottenere una \u201ccompensazione\u201d: le persone adulte che stavano facendo un percorso di recupero avrebbero agito da rimotivatori. E la cosa, effettivamente, ha funzionato.<\/p>\n<p>Ora per\u00f2 il numero e il tipo di problematiche che i minori tossicodipendenti presentano sono molto rilevanti e pensiamo ci sia bisogno anche di una Comunit\u00e0 specifica, che peraltro abbiamo gi\u00e0 avviato a Parma.<\/p>\n<p>La necessit\u00e0 di accogliere <strong>minori<\/strong> con problemi non solamente di dipendenza si mostr\u00f2, da subito, rilevante e importante. Abbiamo risposto al bisogno aprendo, sia sul territorio di Bologna che di Modena, Comunit\u00e0 dedicate. All\u2019inizio con solo minori italiani, perch\u00e9 allora il fenomeno migratorio di minorenni stranieri non accompagnati non si era ancora manifestato.<\/p>\n<p>Osservammo per\u00f2 che alcuni ragazzi avevano problematiche rilevanti dal punto di vista psichiatrico e proponemmo alla Regione Emilia-Romagna di strutturare dei moduli dedicati all\u2019interno delle Comunit\u00e0, perch\u00e9 pensavamo che in quel contesto i minori con problemi di tipo psichico, purch\u00e9 non fossero un numero rilevante, potevano fare un\u2019esperienza che li aiutasse. Nel 2019 abbiamo quindi aperto a Bologna <strong>Eureka,<\/strong> prima Comunit\u00e0 dedicata solo a minori con problematiche psichiatriche. A novembre 2022 abbiamo inaugurato a Modena &#8220;Gen-Z&#8221;, comunit\u00e0 semiresidenziale per minorenni con problemi psico-patologici.<\/p>\n<p>Si \u00e8 poi manifestata la necessit\u00e0 di accogliere <strong>minori stranieri,<\/strong> a seguito della crescita dell\u2019immigrazione verso quei percorsi, molto difficoltosi, che tutti conosciamo. I minori stranieri non hanno le problematiche dei coetanei italiani, ma altre, differenti. Dalla famiglia, ad esempio, hanno ricevuto una specifica <em>mission,<\/em> che \u00e8 quella di mandare soldi in patria: non hanno come obiettivo un percorso educativo, ma di inserimento.<\/p>\n<p>\u00c8 ovvio che vanno affrontati simultaneamente entrambi gli aspetti, quello educativo e di comprensione della societ\u00e0. E sono queste le cose che facciamo: l\u2019accompagnamento allo sviluppo e alla crescita personale, il sostegno e e il perseguire l\u2019inserimento lavorativo.<\/p>\n<p><img loading=\"lazy\" decoding=\"async\" class=\"aligncenter size-full wp-image-2437\" src=\"https:\/\/www.gruppoceis.it\/lanostrastoria\/wp-content\/uploads\/2022\/10\/Stenico02.jpg\" alt=\"\" width=\"1000\" height=\"700\" srcset=\"https:\/\/www.gruppoceis.it\/lanostrastoria\/wp-content\/uploads\/2022\/10\/Stenico02.jpg 1000w, https:\/\/www.gruppoceis.it\/lanostrastoria\/wp-content\/uploads\/2022\/10\/Stenico02-300x210.jpg 300w, https:\/\/www.gruppoceis.it\/lanostrastoria\/wp-content\/uploads\/2022\/10\/Stenico02-768x538.jpg 768w\" sizes=\"auto, (max-width: 1000px) 100vw, 1000px\" \/><\/p>\n<p>Un tema che ci ha toccato, nel tempo, \u00e8 quello dei <strong>migranti adulti, <\/strong>intesi come rifugiati richiedenti asilo, persone che non hanno ancora il permesso di soggiorno, con tutte le problematiche che questa situazione comporta. Abitative, per esempio, altre che riguardano l\u2019acquisizione di competenze necessarie per lavorare. Noi li ospitiamo e cerchiamo di sostenerli in questi passaggi. Abbiamo anche una scuola di italiano che rilascia una certificazione linguistica riconosciuta. Vengono poi proposti corsi di inserimento lavorativo e di educazione civica.<\/p>\n<p>Da una decina d\u2019anni ci occupiamo di <strong>disturbi del comportamento alimentare<\/strong>, sempre pi\u00f9 diffusi e legati alla cultura che stiamo vivendo, dove visibilit\u00e0 e attenzione alla corporeit\u00e0 sono fondamentali.\u00a0 Anoressia e bulimia sono comportamenti che sottintendono problematiche personali molto rilevanti e diffuse. Cerchiamo di rispondere a queste esigenze a <strong>In Volo<\/strong>, Comunit\u00e0 nel Parmense, secondo un approccio che integra l\u2019aspetto psicologico\/psichiatrico\/nutrizionale con quello relazionale. Abbiamo visto risultati pi\u00f9 significativi e stabili nel tempo.<\/p>\n<p>Fin dalla nascita del CEIS abbiamo cercato di dedicare spazio e attenzione alla formazione rivolta alla <strong>prevenzione.<\/strong> Partimmo subito con l\u2019idea che la prevenzione coincidesse con la promozione del benessere. Per cui abbiamo iniziato a realizzare incontri con i genitori nelle scuole e con gli studenti, \u00a0dedicati a raggiungere questo obiettivo, e dando degli input per accompagnare lo sviluppo adolescenziale e la capacit\u00e0 di progettare la propria vita.<\/p>\n<p>A partire dal concetto di prevenzione abbiamo strutturato numerose esperienze, tra cui una che si chiama <strong>Zona Franca<\/strong><strong>,<\/strong> caratterizzata da &#8220;sportelli di ascolto&#8221; dove vengono accolti a colloquio famiglie e adolescenti non necessariamente con problemi specifici, ma semplicemente per affrontare gli snodi dello sviluppo adolescenziale o di dinamiche familiari che vanno riviste.<\/p>\n<p>In parallelo, \u00e8 emersa la necessit\u00e0 per i nostri operatori di avere un titolo di studio adeguato, affiancata dall\u2019evenienza che altre persone desiderassero fare questo lavoro; questo ci ha spinti ad organizzare un Corso universitario in Scienze dell\u2019Educazione che ha poi portato alla fondazione del<strong>l\u2019Istituto Superiore di Scienze dell\u2019Educazione e della Formazione \u201cGiuseppe Toniolo\u201d<\/strong>, affiliato alla Pontificia Facolt\u00e0 \u201cAuxilium\u201d di Roma.<\/p>\n<p>L\u2019Istituto Toniolo rilascia la laurea triennale per Educatori sociali e per Educatori dell\u2019infanzia. Molti docenti sono anche operatori sul campo e questo permette un\u2019impostazione particolare di unione tra teoria e prassi.<\/p>\n<p>Nell\u2019occuparci di minori e di formazione, circa dieci anni fa abbiamo avviato un servizio, <strong>&#8220;Remida&#8221;<\/strong>, per ragazzi con disturbi dell\u2019apprendimento e dei bisogni educativi speciali per supportarli nello sviluppo dell\u2019autonomia in ambito scolastico.<\/p>\n<p>Per rispondere invece alla difficolt\u00e0 dell\u2019inserimento lavorativo diretto di persone che non possono svolgere un lavoro in un ambiente unicamente o prevalentemente produttivo, con l\u2019inserimento nel Consorzio Gruppo CEIS della Cooperativa Piccola Citt\u00e0 abbiamo avviato l\u2019<strong>agricoltura sociale<\/strong>, con il fine dell\u2019inclusione e della coesione sociale favorendo percorsi terapeutici, riabilitativi e di cura. Per alcuni costituisce un avvio al lavoro e alla relazione lavorativa in vista di un passaggio all\u2019esterno. Per altri sar\u00e0 una condizione permanente.<\/p>\n<p>Fin da bambino sono stato abituato, anche dalla mia famiglia, a <strong>guardare i poveri con un occhio non giudicante<\/strong>, in modo da non avere pregiudizi.<\/p>\n<p>In questi <strong>quarant\u2019anni di CEIS<\/strong> mi sono portato dietro questa eredit\u00e0 e un simile, approccio. Partendo dalla convinzione che \u00e8 impossibile distinguere tra le <em>persone per bene<\/em> e quelle <em>non per bene<\/em>, che le fragilit\u00e0 ci appartengono e le difficolt\u00e0 ci vengono incontro. Dunque, l\u2019importante \u00e8 cercare delle soluzioni. Con l\u2019impegno e la passione di costruire dei contesti dove le persone possano ricomprendersi e riprendere in mano la propria vita in maniera positiva.<\/p>\n<p>\u00c8 questo che mi ha guidato. E ancora oggi mi guida.<\/p>\n<p><strong>*Presidente Fondazione CEIS<\/strong><\/p>\n<hr \/>\n","protected":false},"excerpt":{"rendered":"<p>Padre Giuliano Stenico<\/p>\n","protected":false},"author":1,"featured_media":1357,"comment_status":"closed","ping_status":"closed","sticky":false,"template":"","format":"video","meta":{"footnotes":"","_links_to":"","_links_to_target":""},"categories":[8,61],"tags":[70,56,71],"series":[],"class_list":["post-533","post","type-post","status-publish","format-video","has-post-thumbnail","hentry","category-padre-giuliano","category-presente-e-futuro","tag-archivio-testimonianze","tag-testimonianze","tag-video","post_format-post-format-video"],"yoast_head":"<!-- This site is optimized with the Yoast SEO plugin v26.0 - https:\/\/yoast.com\/wordpress\/plugins\/seo\/ -->\n<title>Padre Giuliano Stenico: &quot;Ascolto, relazioni, persone&quot; - CEIS 40<\/title>\n<meta name=\"robots\" content=\"index, follow, max-snippet:-1, max-image-preview:large, max-video-preview:-1\" \/>\n<link rel=\"canonical\" href=\"https:\/\/www.gruppoceis.it\/lanostrastoria\/a-fianco-della-persona-perche-possa-riprendersi-la-propria-vita\/\" \/>\n<meta property=\"og:locale\" content=\"it_IT\" \/>\n<meta property=\"og:type\" content=\"article\" \/>\n<meta property=\"og:title\" content=\"Padre Giuliano Stenico: &quot;Ascolto, relazioni, persone&quot; - CEIS 40\" \/>\n<meta property=\"og:description\" content=\"Padre Giuliano Stenico\" \/>\n<meta property=\"og:url\" content=\"https:\/\/www.gruppoceis.it\/lanostrastoria\/a-fianco-della-persona-perche-possa-riprendersi-la-propria-vita\/\" \/>\n<meta property=\"og:site_name\" content=\"CEIS 40\" \/>\n<meta property=\"article:publisher\" content=\"https:\/\/www.facebook.com\/gruppoceis\" \/>\n<meta property=\"article:author\" content=\"#\" \/>\n<meta property=\"article:published_time\" content=\"2022-10-21T15:40:35+00:00\" \/>\n<meta property=\"article:modified_time\" content=\"2022-12-09T10:13:53+00:00\" \/>\n<meta property=\"og:image\" content=\"https:\/\/www.gruppoceis.it\/lanostrastoria\/wp-content\/uploads\/2022\/08\/STENICO.jpg\" \/>\n\t<meta property=\"og:image:width\" content=\"1280\" \/>\n\t<meta property=\"og:image:height\" content=\"720\" \/>\n\t<meta property=\"og:image:type\" content=\"image\/jpeg\" \/>\n<meta name=\"author\" content=\"admin\" \/>\n<meta name=\"twitter:card\" content=\"summary_large_image\" \/>\n<meta name=\"twitter:creator\" content=\"@#\" \/>\n<meta name=\"twitter:label1\" content=\"Scritto da\" \/>\n\t<meta name=\"twitter:data1\" content=\"admin\" \/>\n\t<meta name=\"twitter:label2\" content=\"Tempo di lettura stimato\" \/>\n\t<meta name=\"twitter:data2\" content=\"8 minuti\" \/>\n<script type=\"application\/ld+json\" class=\"yoast-schema-graph\">{\"@context\":\"https:\/\/schema.org\",\"@graph\":[{\"@type\":\"Article\",\"@id\":\"https:\/\/www.gruppoceis.it\/lanostrastoria\/a-fianco-della-persona-perche-possa-riprendersi-la-propria-vita\/#article\",\"isPartOf\":{\"@id\":\"https:\/\/www.gruppoceis.it\/lanostrastoria\/a-fianco-della-persona-perche-possa-riprendersi-la-propria-vita\/\"},\"author\":{\"name\":\"admin\",\"@id\":\"https:\/\/www.gruppoceis.it\/lanostrastoria\/#\/schema\/person\/6ab112b522433fb306565f64e7a22060\"},\"headline\":\"Padre Giuliano Stenico: &#8220;Ascolto, relazioni, persone&#8221;\",\"datePublished\":\"2022-10-21T15:40:35+00:00\",\"dateModified\":\"2022-12-09T10:13:53+00:00\",\"mainEntityOfPage\":{\"@id\":\"https:\/\/www.gruppoceis.it\/lanostrastoria\/a-fianco-della-persona-perche-possa-riprendersi-la-propria-vita\/\"},\"wordCount\":1614,\"publisher\":{\"@id\":\"https:\/\/www.gruppoceis.it\/lanostrastoria\/#organization\"},\"image\":{\"@id\":\"https:\/\/www.gruppoceis.it\/lanostrastoria\/a-fianco-della-persona-perche-possa-riprendersi-la-propria-vita\/#primaryimage\"},\"thumbnailUrl\":\"https:\/\/www.gruppoceis.it\/lanostrastoria\/wp-content\/uploads\/2022\/08\/STENICO.jpg\",\"keywords\":[\"Archivio Testimonianze\",\"Testimonianze\",\"Video\"],\"articleSection\":[\"Padre Giuliano\",\"Presente e futuro\"],\"inLanguage\":\"it-IT\"},{\"@type\":\"WebPage\",\"@id\":\"https:\/\/www.gruppoceis.it\/lanostrastoria\/a-fianco-della-persona-perche-possa-riprendersi-la-propria-vita\/\",\"url\":\"https:\/\/www.gruppoceis.it\/lanostrastoria\/a-fianco-della-persona-perche-possa-riprendersi-la-propria-vita\/\",\"name\":\"Padre Giuliano Stenico: \\\"Ascolto, relazioni, persone\\\" - CEIS 40\",\"isPartOf\":{\"@id\":\"https:\/\/www.gruppoceis.it\/lanostrastoria\/#website\"},\"primaryImageOfPage\":{\"@id\":\"https:\/\/www.gruppoceis.it\/lanostrastoria\/a-fianco-della-persona-perche-possa-riprendersi-la-propria-vita\/#primaryimage\"},\"image\":{\"@id\":\"https:\/\/www.gruppoceis.it\/lanostrastoria\/a-fianco-della-persona-perche-possa-riprendersi-la-propria-vita\/#primaryimage\"},\"thumbnailUrl\":\"https:\/\/www.gruppoceis.it\/lanostrastoria\/wp-content\/uploads\/2022\/08\/STENICO.jpg\",\"datePublished\":\"2022-10-21T15:40:35+00:00\",\"dateModified\":\"2022-12-09T10:13:53+00:00\",\"breadcrumb\":{\"@id\":\"https:\/\/www.gruppoceis.it\/lanostrastoria\/a-fianco-della-persona-perche-possa-riprendersi-la-propria-vita\/#breadcrumb\"},\"inLanguage\":\"it-IT\",\"potentialAction\":[{\"@type\":\"ReadAction\",\"target\":[\"https:\/\/www.gruppoceis.it\/lanostrastoria\/a-fianco-della-persona-perche-possa-riprendersi-la-propria-vita\/\"]}]},{\"@type\":\"ImageObject\",\"inLanguage\":\"it-IT\",\"@id\":\"https:\/\/www.gruppoceis.it\/lanostrastoria\/a-fianco-della-persona-perche-possa-riprendersi-la-propria-vita\/#primaryimage\",\"url\":\"https:\/\/www.gruppoceis.it\/lanostrastoria\/wp-content\/uploads\/2022\/08\/STENICO.jpg\",\"contentUrl\":\"https:\/\/www.gruppoceis.it\/lanostrastoria\/wp-content\/uploads\/2022\/08\/STENICO.jpg\",\"width\":1280,\"height\":720},{\"@type\":\"BreadcrumbList\",\"@id\":\"https:\/\/www.gruppoceis.it\/lanostrastoria\/a-fianco-della-persona-perche-possa-riprendersi-la-propria-vita\/#breadcrumb\",\"itemListElement\":[{\"@type\":\"ListItem\",\"position\":1,\"name\":\"Home\",\"item\":\"https:\/\/www.gruppoceis.it\/lanostrastoria\/\"},{\"@type\":\"ListItem\",\"position\":2,\"name\":\"Presente e futuro\",\"item\":\"https:\/\/www.gruppoceis.it\/lanostrastoria\/category\/presente-e-futuro\/\"},{\"@type\":\"ListItem\",\"position\":3,\"name\":\"Padre Giuliano Stenico: &#8220;Ascolto, relazioni, persone&#8221;\"}]},{\"@type\":\"WebSite\",\"@id\":\"https:\/\/www.gruppoceis.it\/lanostrastoria\/#website\",\"url\":\"https:\/\/www.gruppoceis.it\/lanostrastoria\/\",\"name\":\"CEIS 40\",\"description\":\"La nostra storia\",\"publisher\":{\"@id\":\"https:\/\/www.gruppoceis.it\/lanostrastoria\/#organization\"},\"potentialAction\":[{\"@type\":\"SearchAction\",\"target\":{\"@type\":\"EntryPoint\",\"urlTemplate\":\"https:\/\/www.gruppoceis.it\/lanostrastoria\/?s={search_term_string}\"},\"query-input\":{\"@type\":\"PropertyValueSpecification\",\"valueRequired\":true,\"valueName\":\"search_term_string\"}}],\"inLanguage\":\"it-IT\"},{\"@type\":\"Organization\",\"@id\":\"https:\/\/www.gruppoceis.it\/lanostrastoria\/#organization\",\"name\":\"Fondazione CEIS\",\"url\":\"https:\/\/www.gruppoceis.it\/lanostrastoria\/\",\"logo\":{\"@type\":\"ImageObject\",\"inLanguage\":\"it-IT\",\"@id\":\"https:\/\/www.gruppoceis.it\/lanostrastoria\/#\/schema\/logo\/image\/\",\"url\":\"https:\/\/www.gruppoceis.it\/lanostrastoria\/wp-content\/uploads\/2022\/11\/ceis40-250px.png\",\"contentUrl\":\"https:\/\/www.gruppoceis.it\/lanostrastoria\/wp-content\/uploads\/2022\/11\/ceis40-250px.png\",\"width\":250,\"height\":149,\"caption\":\"Fondazione CEIS\"},\"image\":{\"@id\":\"https:\/\/www.gruppoceis.it\/lanostrastoria\/#\/schema\/logo\/image\/\"},\"sameAs\":[\"https:\/\/www.facebook.com\/gruppoceis\"]},{\"@type\":\"Person\",\"@id\":\"https:\/\/www.gruppoceis.it\/lanostrastoria\/#\/schema\/person\/6ab112b522433fb306565f64e7a22060\",\"name\":\"admin\",\"sameAs\":[\"https:\/\/www.gruppoceis.it\/lanostrastoria\",\"#\",\"https:\/\/x.com\/#\"],\"url\":\"https:\/\/www.gruppoceis.it\/lanostrastoria\/author\/admin\/\"}]}<\/script>\n<!-- \/ Yoast SEO plugin. -->","yoast_head_json":{"title":"Padre Giuliano Stenico: \"Ascolto, relazioni, persone\" - CEIS 40","robots":{"index":"index","follow":"follow","max-snippet":"max-snippet:-1","max-image-preview":"max-image-preview:large","max-video-preview":"max-video-preview:-1"},"canonical":"https:\/\/www.gruppoceis.it\/lanostrastoria\/a-fianco-della-persona-perche-possa-riprendersi-la-propria-vita\/","og_locale":"it_IT","og_type":"article","og_title":"Padre Giuliano Stenico: \"Ascolto, relazioni, persone\" - CEIS 40","og_description":"Padre Giuliano Stenico","og_url":"https:\/\/www.gruppoceis.it\/lanostrastoria\/a-fianco-della-persona-perche-possa-riprendersi-la-propria-vita\/","og_site_name":"CEIS 40","article_publisher":"https:\/\/www.facebook.com\/gruppoceis","article_author":"#","article_published_time":"2022-10-21T15:40:35+00:00","article_modified_time":"2022-12-09T10:13:53+00:00","og_image":[{"width":1280,"height":720,"url":"https:\/\/www.gruppoceis.it\/lanostrastoria\/wp-content\/uploads\/2022\/08\/STENICO.jpg","type":"image\/jpeg"}],"author":"admin","twitter_card":"summary_large_image","twitter_creator":"@#","twitter_misc":{"Scritto da":"admin","Tempo di lettura stimato":"8 minuti"},"schema":{"@context":"https:\/\/schema.org","@graph":[{"@type":"Article","@id":"https:\/\/www.gruppoceis.it\/lanostrastoria\/a-fianco-della-persona-perche-possa-riprendersi-la-propria-vita\/#article","isPartOf":{"@id":"https:\/\/www.gruppoceis.it\/lanostrastoria\/a-fianco-della-persona-perche-possa-riprendersi-la-propria-vita\/"},"author":{"name":"admin","@id":"https:\/\/www.gruppoceis.it\/lanostrastoria\/#\/schema\/person\/6ab112b522433fb306565f64e7a22060"},"headline":"Padre Giuliano Stenico: &#8220;Ascolto, relazioni, persone&#8221;","datePublished":"2022-10-21T15:40:35+00:00","dateModified":"2022-12-09T10:13:53+00:00","mainEntityOfPage":{"@id":"https:\/\/www.gruppoceis.it\/lanostrastoria\/a-fianco-della-persona-perche-possa-riprendersi-la-propria-vita\/"},"wordCount":1614,"publisher":{"@id":"https:\/\/www.gruppoceis.it\/lanostrastoria\/#organization"},"image":{"@id":"https:\/\/www.gruppoceis.it\/lanostrastoria\/a-fianco-della-persona-perche-possa-riprendersi-la-propria-vita\/#primaryimage"},"thumbnailUrl":"https:\/\/www.gruppoceis.it\/lanostrastoria\/wp-content\/uploads\/2022\/08\/STENICO.jpg","keywords":["Archivio Testimonianze","Testimonianze","Video"],"articleSection":["Padre Giuliano","Presente e futuro"],"inLanguage":"it-IT"},{"@type":"WebPage","@id":"https:\/\/www.gruppoceis.it\/lanostrastoria\/a-fianco-della-persona-perche-possa-riprendersi-la-propria-vita\/","url":"https:\/\/www.gruppoceis.it\/lanostrastoria\/a-fianco-della-persona-perche-possa-riprendersi-la-propria-vita\/","name":"Padre Giuliano Stenico: \"Ascolto, relazioni, persone\" - CEIS 40","isPartOf":{"@id":"https:\/\/www.gruppoceis.it\/lanostrastoria\/#website"},"primaryImageOfPage":{"@id":"https:\/\/www.gruppoceis.it\/lanostrastoria\/a-fianco-della-persona-perche-possa-riprendersi-la-propria-vita\/#primaryimage"},"image":{"@id":"https:\/\/www.gruppoceis.it\/lanostrastoria\/a-fianco-della-persona-perche-possa-riprendersi-la-propria-vita\/#primaryimage"},"thumbnailUrl":"https:\/\/www.gruppoceis.it\/lanostrastoria\/wp-content\/uploads\/2022\/08\/STENICO.jpg","datePublished":"2022-10-21T15:40:35+00:00","dateModified":"2022-12-09T10:13:53+00:00","breadcrumb":{"@id":"https:\/\/www.gruppoceis.it\/lanostrastoria\/a-fianco-della-persona-perche-possa-riprendersi-la-propria-vita\/#breadcrumb"},"inLanguage":"it-IT","potentialAction":[{"@type":"ReadAction","target":["https:\/\/www.gruppoceis.it\/lanostrastoria\/a-fianco-della-persona-perche-possa-riprendersi-la-propria-vita\/"]}]},{"@type":"ImageObject","inLanguage":"it-IT","@id":"https:\/\/www.gruppoceis.it\/lanostrastoria\/a-fianco-della-persona-perche-possa-riprendersi-la-propria-vita\/#primaryimage","url":"https:\/\/www.gruppoceis.it\/lanostrastoria\/wp-content\/uploads\/2022\/08\/STENICO.jpg","contentUrl":"https:\/\/www.gruppoceis.it\/lanostrastoria\/wp-content\/uploads\/2022\/08\/STENICO.jpg","width":1280,"height":720},{"@type":"BreadcrumbList","@id":"https:\/\/www.gruppoceis.it\/lanostrastoria\/a-fianco-della-persona-perche-possa-riprendersi-la-propria-vita\/#breadcrumb","itemListElement":[{"@type":"ListItem","position":1,"name":"Home","item":"https:\/\/www.gruppoceis.it\/lanostrastoria\/"},{"@type":"ListItem","position":2,"name":"Presente e futuro","item":"https:\/\/www.gruppoceis.it\/lanostrastoria\/category\/presente-e-futuro\/"},{"@type":"ListItem","position":3,"name":"Padre Giuliano Stenico: &#8220;Ascolto, relazioni, persone&#8221;"}]},{"@type":"WebSite","@id":"https:\/\/www.gruppoceis.it\/lanostrastoria\/#website","url":"https:\/\/www.gruppoceis.it\/lanostrastoria\/","name":"CEIS 40","description":"La nostra storia","publisher":{"@id":"https:\/\/www.gruppoceis.it\/lanostrastoria\/#organization"},"potentialAction":[{"@type":"SearchAction","target":{"@type":"EntryPoint","urlTemplate":"https:\/\/www.gruppoceis.it\/lanostrastoria\/?s={search_term_string}"},"query-input":{"@type":"PropertyValueSpecification","valueRequired":true,"valueName":"search_term_string"}}],"inLanguage":"it-IT"},{"@type":"Organization","@id":"https:\/\/www.gruppoceis.it\/lanostrastoria\/#organization","name":"Fondazione CEIS","url":"https:\/\/www.gruppoceis.it\/lanostrastoria\/","logo":{"@type":"ImageObject","inLanguage":"it-IT","@id":"https:\/\/www.gruppoceis.it\/lanostrastoria\/#\/schema\/logo\/image\/","url":"https:\/\/www.gruppoceis.it\/lanostrastoria\/wp-content\/uploads\/2022\/11\/ceis40-250px.png","contentUrl":"https:\/\/www.gruppoceis.it\/lanostrastoria\/wp-content\/uploads\/2022\/11\/ceis40-250px.png","width":250,"height":149,"caption":"Fondazione CEIS"},"image":{"@id":"https:\/\/www.gruppoceis.it\/lanostrastoria\/#\/schema\/logo\/image\/"},"sameAs":["https:\/\/www.facebook.com\/gruppoceis"]},{"@type":"Person","@id":"https:\/\/www.gruppoceis.it\/lanostrastoria\/#\/schema\/person\/6ab112b522433fb306565f64e7a22060","name":"admin","sameAs":["https:\/\/www.gruppoceis.it\/lanostrastoria","#","https:\/\/x.com\/#"],"url":"https:\/\/www.gruppoceis.it\/lanostrastoria\/author\/admin\/"}]}},"_links":{"self":[{"href":"https:\/\/www.gruppoceis.it\/lanostrastoria\/wp-json\/wp\/v2\/posts\/533","targetHints":{"allow":["GET"]}}],"collection":[{"href":"https:\/\/www.gruppoceis.it\/lanostrastoria\/wp-json\/wp\/v2\/posts"}],"about":[{"href":"https:\/\/www.gruppoceis.it\/lanostrastoria\/wp-json\/wp\/v2\/types\/post"}],"author":[{"embeddable":true,"href":"https:\/\/www.gruppoceis.it\/lanostrastoria\/wp-json\/wp\/v2\/users\/1"}],"replies":[{"embeddable":true,"href":"https:\/\/www.gruppoceis.it\/lanostrastoria\/wp-json\/wp\/v2\/comments?post=533"}],"version-history":[{"count":83,"href":"https:\/\/www.gruppoceis.it\/lanostrastoria\/wp-json\/wp\/v2\/posts\/533\/revisions"}],"predecessor-version":[{"id":3122,"href":"https:\/\/www.gruppoceis.it\/lanostrastoria\/wp-json\/wp\/v2\/posts\/533\/revisions\/3122"}],"wp:featuredmedia":[{"embeddable":true,"href":"https:\/\/www.gruppoceis.it\/lanostrastoria\/wp-json\/wp\/v2\/media\/1357"}],"wp:attachment":[{"href":"https:\/\/www.gruppoceis.it\/lanostrastoria\/wp-json\/wp\/v2\/media?parent=533"}],"wp:term":[{"taxonomy":"category","embeddable":true,"href":"https:\/\/www.gruppoceis.it\/lanostrastoria\/wp-json\/wp\/v2\/categories?post=533"},{"taxonomy":"post_tag","embeddable":true,"href":"https:\/\/www.gruppoceis.it\/lanostrastoria\/wp-json\/wp\/v2\/tags?post=533"},{"taxonomy":"series","embeddable":true,"href":"https:\/\/www.gruppoceis.it\/lanostrastoria\/wp-json\/wp\/v2\/series?post=533"}],"curies":[{"name":"wp","href":"https:\/\/api.w.org\/{rel}","templated":true}]}}