{"id":525,"date":"2022-09-30T15:11:46","date_gmt":"2022-09-30T13:11:46","guid":{"rendered":"https:\/\/www.gruppoceis.it\/lanostrastoria\/?p=525"},"modified":"2022-11-17T11:50:48","modified_gmt":"2022-11-17T10:50:48","slug":"quando-montammo-lo-stand-ceis-alla-festa-de-lunita","status":"publish","type":"post","link":"https:\/\/www.gruppoceis.it\/lanostrastoria\/quando-montammo-lo-stand-ceis-alla-festa-de-lunita\/","title":{"rendered":"Quando alla Festa de l&#8217;Unit\u00e0 <br \/>montammo lo stand CEIS"},"content":{"rendered":"<p><strong>di Marta Cocchi * <\/strong><\/p>\n<span class=\"mks_dropcap_letter\" style=\"font-size: 80px; color: #266d40; \">H<\/span>o fatto la volontaria dagli anni &#8217;90 fino al 2004. Conoscere padre Giuliano Stenico, su consiglio di un\u2019amica, mi ha aperto la mente. Posso senz\u2019altro dire che mi ha aiutato ad essere un <strong>genitore migliore<\/strong>. Non sempre si \u00e8 in grado.<\/p>\n<p>Mia figlia aveva problemi di tossicodipendenza e il <strong>\u201cProgramma CEIS\u201d<\/strong> <strong>ci ha cambiato la vita<\/strong>. A lei e a noi genitori.<\/p>\n<p>Quando mia figlia ebbe terminato il \u201cpercorso di recupero\u201d, io continuai a frequentare il Centro: mi chiesero se ero disponibile ad aiutare e affiancare i ragazzi che erano all\u2019inizio del programma nello svolgimento dei compiti loro affidati (pulizie e riordino dei locali che venivano utilizzati per i loro gruppi).<\/p>\n<p>Fu cos\u00ec che divenni <strong>volontaria CEIS<\/strong>. Di l\u00ec a poco mi proposero di affiancare operatori o altri volontari \u201cesperti\u201d negli incontri con i genitori (sia di ragazzi che ancora non si erano avvicinati al Centro, sia di coloro che erano all\u2019inizio del percorso CEIS) per aiutarli ad essere pi\u00f9 \u201cseveri\u201d e \u201cfermi\u201d con i loro figli\u2026 ad essere pi\u00f9 capaci a dire dei \u201cno\u201d.<\/p>\n<p>Nei giardini e per le strade di <strong>Vignola <\/strong>cominciai a incontrare ragazze e ragazzi. Spesso, all\u2019inizio, mi prendevano in giro. Dopo un po&#8217; avevano imparato a conoscermi e, per certi versi, mi rispettavano. Nessuno mi ha mai fatto del male, n\u00e9 ho subito sgarbi particolari. Alcuni addirittura mi cercavano per scambiare due parole e passare un po&#8217; di tempo insieme.<\/p>\n<p><img loading=\"lazy\" decoding=\"async\" class=\"aligncenter size-full wp-image-2127\" src=\"https:\/\/www.gruppoceis.it\/lanostrastoria\/wp-content\/uploads\/2022\/08\/ragazzi.jpg\" alt=\"\" width=\"1000\" height=\"700\" srcset=\"https:\/\/www.gruppoceis.it\/lanostrastoria\/wp-content\/uploads\/2022\/08\/ragazzi.jpg 1000w, https:\/\/www.gruppoceis.it\/lanostrastoria\/wp-content\/uploads\/2022\/08\/ragazzi-300x210.jpg 300w, https:\/\/www.gruppoceis.it\/lanostrastoria\/wp-content\/uploads\/2022\/08\/ragazzi-768x538.jpg 768w\" sizes=\"auto, (max-width: 1000px) 100vw, 1000px\" \/><\/p>\n<p>Ogni occasione era buona anche per incontrare e parlare con\u00a0 genitori di ragazzi tossicodipendenti\u2026 spesso le notizie le apprendevo dalle pagine di cronaca locale dei giornali.<\/p>\n<p>A volte &#8211; addirittura &#8211; mi facevo coraggio e andavo anche a casa loro perch\u00e9 sapevo bene cosa volevano dire la solitudine, la sofferenza, la preoccupazione costante di sentirsi portare notizie tragiche sui propri figli. Andavo per testimoniare che non erano soli e che si poteva fare qualcosa, o almeno provarci: cercavo di convincere innanzitutto loro, i genitori, ad avvicinarsi al CEIS e davo consigli su come fare per \u00a0portarci i figli.<\/p>\n<p>I ragazzi allora come oggi erano molto problematici. Era comunque difficile avvicinarli per imbastire discorsi seri e costruttivi, ma valeva la pena provarci. Oggi le cose sono un po&#8217; cambiate, cos\u00ec come le sostanze, ma la gravit\u00e0 del problema resta, anzi, probabilmente \u00e8 anche pi\u00f9 acuta.<\/p>\n<p>Non ero sola, certo\u2026 Avevo formato <strong>\u201cIl gruppo in cammino\u201d:<\/strong> ogni gioved\u00ec sera ci si incontrava con genitori e volontari di Vignola per scambiarsi idee, confrontarci sui problemi di ciascuno, proporre iniziative. Sono ancora in contatto con diversi volontari di allora: ormai siamo tutti \u201canzianotti\u201d, ma restiamo combattivi\u2026<\/p>\n<p>Ricordo con piacere i tre anni in cui abbiamo allestito un nostro stand informativo alla Festa de l\u2019Unit\u00e0. Ovviamente non offrivamo alcolici, ma sapevamo essere attrattivi con le nostre patatine, la crema fritta e altre golosit\u00e0\u2026<\/p>\n<p>Il ricavato andava a sostegno del CEIS. Il tutto funzionava, eccome, tanto che i responsabili della Festa vennero anche a chiederci consigli. Il bello stava anche nel fatto che ci si aiutava a vicenda nell\u2019allestire gli stand e i gazebo e spesso era l\u2019occasione per parlare e discutere con i volontari della Festa che si mostravano molto interessati e desiderosi di capire meglio\u00a0 quello che facevamo e le problematiche che cercavamo di affrontare.<\/p>\n<p>Nel 1995 fui eletta in <strong>Consiglio Comunale<\/strong> a Vignola, parlai con il sindaco per fare qualcosa di concreto per i ragazzi e le ragazze che intraprendevano un \u201cpercorso di recupero\u201d. Quello che riuscimmo ad ottenere fu l\u2019impegno dell\u2019Amministrazione a favorire e agevolare inserimenti lavorativi per chi portava a termine il programma CEIS. Di questo sar\u00f2 sempre riconoscente\u2026<\/p>\n<p><strong>*Volontaria CEIS<\/strong><\/p>\n<p>&nbsp;<\/p>\n<hr \/>\n","protected":false},"excerpt":{"rendered":"<p>Marta Cocchi<\/p>\n","protected":false},"author":2,"featured_media":1968,"comment_status":"closed","ping_status":"closed","sticky":false,"template":"","format":"image","meta":{"footnotes":"","_links_to":"","_links_to_target":""},"categories":[5],"tags":[70],"series":[],"class_list":["post-525","post","type-post","status-publish","format-image","has-post-thumbnail","hentry","category-familiari-volontari-e-associazionismo","tag-archivio-testimonianze","post_format-post-format-image"],"yoast_head":"<!-- This site is optimized with the Yoast SEO plugin v26.0 - https:\/\/yoast.com\/wordpress\/plugins\/seo\/ -->\n<title>Quando alla Festa de l&#039;Unit\u00e0 montammo lo stand CEIS - CEIS 40<\/title>\n<meta name=\"robots\" content=\"index, follow, max-snippet:-1, max-image-preview:large, max-video-preview:-1\" \/>\n<link rel=\"canonical\" href=\"https:\/\/www.gruppoceis.it\/lanostrastoria\/quando-montammo-lo-stand-ceis-alla-festa-de-lunita\/\" \/>\n<meta property=\"og:locale\" content=\"it_IT\" \/>\n<meta property=\"og:type\" content=\"article\" \/>\n<meta property=\"og:title\" content=\"Quando alla Festa de l&#039;Unit\u00e0 montammo lo stand CEIS - CEIS 40\" \/>\n<meta property=\"og:description\" content=\"Marta Cocchi\" \/>\n<meta property=\"og:url\" content=\"https:\/\/www.gruppoceis.it\/lanostrastoria\/quando-montammo-lo-stand-ceis-alla-festa-de-lunita\/\" \/>\n<meta property=\"og:site_name\" content=\"CEIS 40\" \/>\n<meta property=\"article:publisher\" content=\"https:\/\/www.facebook.com\/gruppoceis\" \/>\n<meta property=\"article:published_time\" content=\"2022-09-30T13:11:46+00:00\" \/>\n<meta property=\"article:modified_time\" content=\"2022-11-17T10:50:48+00:00\" \/>\n<meta property=\"og:image\" content=\"https:\/\/www.gruppoceis.it\/lanostrastoria\/wp-content\/uploads\/2022\/08\/cocchi.jpg\" \/>\n\t<meta property=\"og:image:width\" content=\"1280\" \/>\n\t<meta property=\"og:image:height\" content=\"720\" \/>\n\t<meta property=\"og:image:type\" content=\"image\/jpeg\" \/>\n<meta name=\"author\" content=\"Alessandro Alvisi\" \/>\n<meta name=\"twitter:card\" content=\"summary_large_image\" \/>\n<meta name=\"twitter:label1\" content=\"Scritto da\" \/>\n\t<meta name=\"twitter:data1\" content=\"Alessandro Alvisi\" \/>\n\t<meta name=\"twitter:label2\" content=\"Tempo di lettura stimato\" \/>\n\t<meta name=\"twitter:data2\" content=\"3 minuti\" \/>\n<script type=\"application\/ld+json\" class=\"yoast-schema-graph\">{\"@context\":\"https:\/\/schema.org\",\"@graph\":[{\"@type\":\"Article\",\"@id\":\"https:\/\/www.gruppoceis.it\/lanostrastoria\/quando-montammo-lo-stand-ceis-alla-festa-de-lunita\/#article\",\"isPartOf\":{\"@id\":\"https:\/\/www.gruppoceis.it\/lanostrastoria\/quando-montammo-lo-stand-ceis-alla-festa-de-lunita\/\"},\"author\":{\"name\":\"Alessandro Alvisi\",\"@id\":\"https:\/\/www.gruppoceis.it\/lanostrastoria\/#\/schema\/person\/d9daedcd51701423ce913b87b5c25db4\"},\"headline\":\"Quando alla Festa de l&#8217;Unit\u00e0 montammo lo stand CEIS\",\"datePublished\":\"2022-09-30T13:11:46+00:00\",\"dateModified\":\"2022-11-17T10:50:48+00:00\",\"mainEntityOfPage\":{\"@id\":\"https:\/\/www.gruppoceis.it\/lanostrastoria\/quando-montammo-lo-stand-ceis-alla-festa-de-lunita\/\"},\"wordCount\":628,\"publisher\":{\"@id\":\"https:\/\/www.gruppoceis.it\/lanostrastoria\/#organization\"},\"image\":{\"@id\":\"https:\/\/www.gruppoceis.it\/lanostrastoria\/quando-montammo-lo-stand-ceis-alla-festa-de-lunita\/#primaryimage\"},\"thumbnailUrl\":\"https:\/\/www.gruppoceis.it\/lanostrastoria\/wp-content\/uploads\/2022\/08\/cocchi.jpg\",\"keywords\":[\"Archivio Testimonianze\"],\"articleSection\":[\"Familiari Volontari e Associazionismo\"],\"inLanguage\":\"it-IT\"},{\"@type\":\"WebPage\",\"@id\":\"https:\/\/www.gruppoceis.it\/lanostrastoria\/quando-montammo-lo-stand-ceis-alla-festa-de-lunita\/\",\"url\":\"https:\/\/www.gruppoceis.it\/lanostrastoria\/quando-montammo-lo-stand-ceis-alla-festa-de-lunita\/\",\"name\":\"Quando alla Festa de l'Unit\u00e0 montammo lo stand CEIS - CEIS 40\",\"isPartOf\":{\"@id\":\"https:\/\/www.gruppoceis.it\/lanostrastoria\/#website\"},\"primaryImageOfPage\":{\"@id\":\"https:\/\/www.gruppoceis.it\/lanostrastoria\/quando-montammo-lo-stand-ceis-alla-festa-de-lunita\/#primaryimage\"},\"image\":{\"@id\":\"https:\/\/www.gruppoceis.it\/lanostrastoria\/quando-montammo-lo-stand-ceis-alla-festa-de-lunita\/#primaryimage\"},\"thumbnailUrl\":\"https:\/\/www.gruppoceis.it\/lanostrastoria\/wp-content\/uploads\/2022\/08\/cocchi.jpg\",\"datePublished\":\"2022-09-30T13:11:46+00:00\",\"dateModified\":\"2022-11-17T10:50:48+00:00\",\"breadcrumb\":{\"@id\":\"https:\/\/www.gruppoceis.it\/lanostrastoria\/quando-montammo-lo-stand-ceis-alla-festa-de-lunita\/#breadcrumb\"},\"inLanguage\":\"it-IT\",\"potentialAction\":[{\"@type\":\"ReadAction\",\"target\":[\"https:\/\/www.gruppoceis.it\/lanostrastoria\/quando-montammo-lo-stand-ceis-alla-festa-de-lunita\/\"]}]},{\"@type\":\"ImageObject\",\"inLanguage\":\"it-IT\",\"@id\":\"https:\/\/www.gruppoceis.it\/lanostrastoria\/quando-montammo-lo-stand-ceis-alla-festa-de-lunita\/#primaryimage\",\"url\":\"https:\/\/www.gruppoceis.it\/lanostrastoria\/wp-content\/uploads\/2022\/08\/cocchi.jpg\",\"contentUrl\":\"https:\/\/www.gruppoceis.it\/lanostrastoria\/wp-content\/uploads\/2022\/08\/cocchi.jpg\",\"width\":1280,\"height\":720},{\"@type\":\"BreadcrumbList\",\"@id\":\"https:\/\/www.gruppoceis.it\/lanostrastoria\/quando-montammo-lo-stand-ceis-alla-festa-de-lunita\/#breadcrumb\",\"itemListElement\":[{\"@type\":\"ListItem\",\"position\":1,\"name\":\"Home\",\"item\":\"https:\/\/www.gruppoceis.it\/lanostrastoria\/\"},{\"@type\":\"ListItem\",\"position\":2,\"name\":\"Familiari Volontari e Associazionismo\",\"item\":\"https:\/\/www.gruppoceis.it\/lanostrastoria\/category\/familiari-volontari-e-associazionismo\/\"},{\"@type\":\"ListItem\",\"position\":3,\"name\":\"Quando alla Festa de l&#8217;Unit\u00e0 montammo lo stand CEIS\"}]},{\"@type\":\"WebSite\",\"@id\":\"https:\/\/www.gruppoceis.it\/lanostrastoria\/#website\",\"url\":\"https:\/\/www.gruppoceis.it\/lanostrastoria\/\",\"name\":\"CEIS 40\",\"description\":\"La nostra storia\",\"publisher\":{\"@id\":\"https:\/\/www.gruppoceis.it\/lanostrastoria\/#organization\"},\"potentialAction\":[{\"@type\":\"SearchAction\",\"target\":{\"@type\":\"EntryPoint\",\"urlTemplate\":\"https:\/\/www.gruppoceis.it\/lanostrastoria\/?s={search_term_string}\"},\"query-input\":{\"@type\":\"PropertyValueSpecification\",\"valueRequired\":true,\"valueName\":\"search_term_string\"}}],\"inLanguage\":\"it-IT\"},{\"@type\":\"Organization\",\"@id\":\"https:\/\/www.gruppoceis.it\/lanostrastoria\/#organization\",\"name\":\"Fondazione CEIS\",\"url\":\"https:\/\/www.gruppoceis.it\/lanostrastoria\/\",\"logo\":{\"@type\":\"ImageObject\",\"inLanguage\":\"it-IT\",\"@id\":\"https:\/\/www.gruppoceis.it\/lanostrastoria\/#\/schema\/logo\/image\/\",\"url\":\"https:\/\/www.gruppoceis.it\/lanostrastoria\/wp-content\/uploads\/2022\/11\/ceis40-250px.png\",\"contentUrl\":\"https:\/\/www.gruppoceis.it\/lanostrastoria\/wp-content\/uploads\/2022\/11\/ceis40-250px.png\",\"width\":250,\"height\":149,\"caption\":\"Fondazione CEIS\"},\"image\":{\"@id\":\"https:\/\/www.gruppoceis.it\/lanostrastoria\/#\/schema\/logo\/image\/\"},\"sameAs\":[\"https:\/\/www.facebook.com\/gruppoceis\"]},{\"@type\":\"Person\",\"@id\":\"https:\/\/www.gruppoceis.it\/lanostrastoria\/#\/schema\/person\/d9daedcd51701423ce913b87b5c25db4\",\"name\":\"Alessandro Alvisi\",\"url\":\"https:\/\/www.gruppoceis.it\/lanostrastoria\/author\/alessandro\/\"}]}<\/script>\n<!-- \/ Yoast SEO plugin. -->","yoast_head_json":{"title":"Quando alla Festa de l'Unit\u00e0 montammo lo stand CEIS - CEIS 40","robots":{"index":"index","follow":"follow","max-snippet":"max-snippet:-1","max-image-preview":"max-image-preview:large","max-video-preview":"max-video-preview:-1"},"canonical":"https:\/\/www.gruppoceis.it\/lanostrastoria\/quando-montammo-lo-stand-ceis-alla-festa-de-lunita\/","og_locale":"it_IT","og_type":"article","og_title":"Quando alla Festa de l'Unit\u00e0 montammo lo stand CEIS - CEIS 40","og_description":"Marta Cocchi","og_url":"https:\/\/www.gruppoceis.it\/lanostrastoria\/quando-montammo-lo-stand-ceis-alla-festa-de-lunita\/","og_site_name":"CEIS 40","article_publisher":"https:\/\/www.facebook.com\/gruppoceis","article_published_time":"2022-09-30T13:11:46+00:00","article_modified_time":"2022-11-17T10:50:48+00:00","og_image":[{"width":1280,"height":720,"url":"https:\/\/www.gruppoceis.it\/lanostrastoria\/wp-content\/uploads\/2022\/08\/cocchi.jpg","type":"image\/jpeg"}],"author":"Alessandro Alvisi","twitter_card":"summary_large_image","twitter_misc":{"Scritto da":"Alessandro Alvisi","Tempo di lettura stimato":"3 minuti"},"schema":{"@context":"https:\/\/schema.org","@graph":[{"@type":"Article","@id":"https:\/\/www.gruppoceis.it\/lanostrastoria\/quando-montammo-lo-stand-ceis-alla-festa-de-lunita\/#article","isPartOf":{"@id":"https:\/\/www.gruppoceis.it\/lanostrastoria\/quando-montammo-lo-stand-ceis-alla-festa-de-lunita\/"},"author":{"name":"Alessandro Alvisi","@id":"https:\/\/www.gruppoceis.it\/lanostrastoria\/#\/schema\/person\/d9daedcd51701423ce913b87b5c25db4"},"headline":"Quando alla Festa de l&#8217;Unit\u00e0 montammo lo stand CEIS","datePublished":"2022-09-30T13:11:46+00:00","dateModified":"2022-11-17T10:50:48+00:00","mainEntityOfPage":{"@id":"https:\/\/www.gruppoceis.it\/lanostrastoria\/quando-montammo-lo-stand-ceis-alla-festa-de-lunita\/"},"wordCount":628,"publisher":{"@id":"https:\/\/www.gruppoceis.it\/lanostrastoria\/#organization"},"image":{"@id":"https:\/\/www.gruppoceis.it\/lanostrastoria\/quando-montammo-lo-stand-ceis-alla-festa-de-lunita\/#primaryimage"},"thumbnailUrl":"https:\/\/www.gruppoceis.it\/lanostrastoria\/wp-content\/uploads\/2022\/08\/cocchi.jpg","keywords":["Archivio Testimonianze"],"articleSection":["Familiari Volontari e Associazionismo"],"inLanguage":"it-IT"},{"@type":"WebPage","@id":"https:\/\/www.gruppoceis.it\/lanostrastoria\/quando-montammo-lo-stand-ceis-alla-festa-de-lunita\/","url":"https:\/\/www.gruppoceis.it\/lanostrastoria\/quando-montammo-lo-stand-ceis-alla-festa-de-lunita\/","name":"Quando alla Festa de l'Unit\u00e0 montammo lo stand CEIS - CEIS 40","isPartOf":{"@id":"https:\/\/www.gruppoceis.it\/lanostrastoria\/#website"},"primaryImageOfPage":{"@id":"https:\/\/www.gruppoceis.it\/lanostrastoria\/quando-montammo-lo-stand-ceis-alla-festa-de-lunita\/#primaryimage"},"image":{"@id":"https:\/\/www.gruppoceis.it\/lanostrastoria\/quando-montammo-lo-stand-ceis-alla-festa-de-lunita\/#primaryimage"},"thumbnailUrl":"https:\/\/www.gruppoceis.it\/lanostrastoria\/wp-content\/uploads\/2022\/08\/cocchi.jpg","datePublished":"2022-09-30T13:11:46+00:00","dateModified":"2022-11-17T10:50:48+00:00","breadcrumb":{"@id":"https:\/\/www.gruppoceis.it\/lanostrastoria\/quando-montammo-lo-stand-ceis-alla-festa-de-lunita\/#breadcrumb"},"inLanguage":"it-IT","potentialAction":[{"@type":"ReadAction","target":["https:\/\/www.gruppoceis.it\/lanostrastoria\/quando-montammo-lo-stand-ceis-alla-festa-de-lunita\/"]}]},{"@type":"ImageObject","inLanguage":"it-IT","@id":"https:\/\/www.gruppoceis.it\/lanostrastoria\/quando-montammo-lo-stand-ceis-alla-festa-de-lunita\/#primaryimage","url":"https:\/\/www.gruppoceis.it\/lanostrastoria\/wp-content\/uploads\/2022\/08\/cocchi.jpg","contentUrl":"https:\/\/www.gruppoceis.it\/lanostrastoria\/wp-content\/uploads\/2022\/08\/cocchi.jpg","width":1280,"height":720},{"@type":"BreadcrumbList","@id":"https:\/\/www.gruppoceis.it\/lanostrastoria\/quando-montammo-lo-stand-ceis-alla-festa-de-lunita\/#breadcrumb","itemListElement":[{"@type":"ListItem","position":1,"name":"Home","item":"https:\/\/www.gruppoceis.it\/lanostrastoria\/"},{"@type":"ListItem","position":2,"name":"Familiari Volontari e Associazionismo","item":"https:\/\/www.gruppoceis.it\/lanostrastoria\/category\/familiari-volontari-e-associazionismo\/"},{"@type":"ListItem","position":3,"name":"Quando alla Festa de l&#8217;Unit\u00e0 montammo lo stand CEIS"}]},{"@type":"WebSite","@id":"https:\/\/www.gruppoceis.it\/lanostrastoria\/#website","url":"https:\/\/www.gruppoceis.it\/lanostrastoria\/","name":"CEIS 40","description":"La nostra storia","publisher":{"@id":"https:\/\/www.gruppoceis.it\/lanostrastoria\/#organization"},"potentialAction":[{"@type":"SearchAction","target":{"@type":"EntryPoint","urlTemplate":"https:\/\/www.gruppoceis.it\/lanostrastoria\/?s={search_term_string}"},"query-input":{"@type":"PropertyValueSpecification","valueRequired":true,"valueName":"search_term_string"}}],"inLanguage":"it-IT"},{"@type":"Organization","@id":"https:\/\/www.gruppoceis.it\/lanostrastoria\/#organization","name":"Fondazione CEIS","url":"https:\/\/www.gruppoceis.it\/lanostrastoria\/","logo":{"@type":"ImageObject","inLanguage":"it-IT","@id":"https:\/\/www.gruppoceis.it\/lanostrastoria\/#\/schema\/logo\/image\/","url":"https:\/\/www.gruppoceis.it\/lanostrastoria\/wp-content\/uploads\/2022\/11\/ceis40-250px.png","contentUrl":"https:\/\/www.gruppoceis.it\/lanostrastoria\/wp-content\/uploads\/2022\/11\/ceis40-250px.png","width":250,"height":149,"caption":"Fondazione CEIS"},"image":{"@id":"https:\/\/www.gruppoceis.it\/lanostrastoria\/#\/schema\/logo\/image\/"},"sameAs":["https:\/\/www.facebook.com\/gruppoceis"]},{"@type":"Person","@id":"https:\/\/www.gruppoceis.it\/lanostrastoria\/#\/schema\/person\/d9daedcd51701423ce913b87b5c25db4","name":"Alessandro Alvisi","url":"https:\/\/www.gruppoceis.it\/lanostrastoria\/author\/alessandro\/"}]}},"_links":{"self":[{"href":"https:\/\/www.gruppoceis.it\/lanostrastoria\/wp-json\/wp\/v2\/posts\/525","targetHints":{"allow":["GET"]}}],"collection":[{"href":"https:\/\/www.gruppoceis.it\/lanostrastoria\/wp-json\/wp\/v2\/posts"}],"about":[{"href":"https:\/\/www.gruppoceis.it\/lanostrastoria\/wp-json\/wp\/v2\/types\/post"}],"author":[{"embeddable":true,"href":"https:\/\/www.gruppoceis.it\/lanostrastoria\/wp-json\/wp\/v2\/users\/2"}],"replies":[{"embeddable":true,"href":"https:\/\/www.gruppoceis.it\/lanostrastoria\/wp-json\/wp\/v2\/comments?post=525"}],"version-history":[{"count":24,"href":"https:\/\/www.gruppoceis.it\/lanostrastoria\/wp-json\/wp\/v2\/posts\/525\/revisions"}],"predecessor-version":[{"id":2707,"href":"https:\/\/www.gruppoceis.it\/lanostrastoria\/wp-json\/wp\/v2\/posts\/525\/revisions\/2707"}],"wp:featuredmedia":[{"embeddable":true,"href":"https:\/\/www.gruppoceis.it\/lanostrastoria\/wp-json\/wp\/v2\/media\/1968"}],"wp:attachment":[{"href":"https:\/\/www.gruppoceis.it\/lanostrastoria\/wp-json\/wp\/v2\/media?parent=525"}],"wp:term":[{"taxonomy":"category","embeddable":true,"href":"https:\/\/www.gruppoceis.it\/lanostrastoria\/wp-json\/wp\/v2\/categories?post=525"},{"taxonomy":"post_tag","embeddable":true,"href":"https:\/\/www.gruppoceis.it\/lanostrastoria\/wp-json\/wp\/v2\/tags?post=525"},{"taxonomy":"series","embeddable":true,"href":"https:\/\/www.gruppoceis.it\/lanostrastoria\/wp-json\/wp\/v2\/series?post=525"}],"curies":[{"name":"wp","href":"https:\/\/api.w.org\/{rel}","templated":true}]}}