{"id":27,"date":"2022-02-27T16:50:36","date_gmt":"2022-02-27T15:50:36","guid":{"rendered":"https:\/\/www.gruppoceis.it\/lanostrastoria\/?p=27"},"modified":"2024-04-15T14:47:44","modified_gmt":"2024-04-15T12:47:44","slug":"familiari-volontari-e-associazionismo","status":"publish","type":"post","link":"https:\/\/www.gruppoceis.it\/lanostrastoria\/familiari-volontari-e-associazionismo\/","title":{"rendered":"Familiari, Volontari <br\/>e Associazionismo"},"content":{"rendered":"<p><iframe loading=\"lazy\" title=\"Familiari, Volontari e Associazionismo - 40\u00b0CEIS\" width=\"1104\" height=\"621\" src=\"https:\/\/www.youtube.com\/embed\/ZsgPXKW0Vu0?feature=oembed\" frameborder=\"0\" allow=\"accelerometer; autoplay; clipboard-write; encrypted-media; gyroscope; picture-in-picture; web-share\" referrerpolicy=\"strict-origin-when-cross-origin\" allowfullscreen><\/iframe><\/p>\n<span class=\"mks_dropcap_letter\" style=\"font-size: 80px; color: #266d40; \">S<\/span>\n<p>imboli, allora come oggi, del valore della \u201cgratuit\u00e0\u201d, oltre ad essere un fondamentale strumento di contatto degli ospiti con la realt\u00e0 sociale esterna alla Comunit\u00e0. Il ruolo e l\u2019apporto dei <strong>volontari <\/strong>nell\u2019esperienza del CEIS sono una rilevante caratteristica, comune a tutti i territori in cui operiamo: a <strong>Modena<\/strong> cos\u00ec come a <strong>Bologna<\/strong> e <strong>Parma<\/strong>.<\/p>\n<p><img loading=\"lazy\" decoding=\"async\" class=\"aligncenter size-full wp-image-3151\" src=\"https:\/\/www.gruppoceis.it\/lanostrastoria\/wp-content\/uploads\/2022\/02\/volontariato.jpg\" alt=\"\" width=\"1000\" height=\"700\" srcset=\"https:\/\/www.gruppoceis.it\/lanostrastoria\/wp-content\/uploads\/2022\/02\/volontariato.jpg 1000w, https:\/\/www.gruppoceis.it\/lanostrastoria\/wp-content\/uploads\/2022\/02\/volontariato-300x210.jpg 300w, https:\/\/www.gruppoceis.it\/lanostrastoria\/wp-content\/uploads\/2022\/02\/volontariato-768x538.jpg 768w\" sizes=\"auto, (max-width: 1000px) 100vw, 1000px\" \/><\/p>\n<p>Perch\u00e9 da molte latitudini part\u00ec la pressante richiesta al CEIS di farsi carico del problema dei giovani tossicodipendenti: i volontari, numerosi sin da subito, sostennero con il loro impegno umano ed economico le varie iniziative, come ci hanno raccontato <a href=\"https:\/\/www.gruppoceis.it\/lanostrastoria\/cosi-bologna-ci-apri-le-porte-e-nacque-il-pettirosso\/\"><strong>Waider Volta<\/strong><\/a> e <a href=\"https:\/\/www.gruppoceis.it\/lanostrastoria\/quella-banda-che-fece-nascere-il-centro-lorizzonte\/\"><strong>Claudio Michelotti<\/strong><\/a>,\u00a0 ma soprattutto fu grazie al loro impegno, alla volont\u00e0 unit\u00e0 alle capacit\u00e0, che tanti progetti presero l\u2019abbrivio.<\/p>\n<p>Ne parla <strong><a href=\"https:\/\/www.gruppoceis.it\/lanostrastoria\/cesav-e-alchemia-la-forza-del-volontariato-al-bar-arcobaleno-e-al-parco-xxii-aprile\/\">Gianna Codeluppi<\/a>, <\/strong>volontaria e responsabile di varie iniziative di animazione sul territorio modenese ed in particolare nel Parco XXII Aprile: <em>\u201c<\/em><em>Attorno al Parco, al Bar Arcobaleno e alle numerose associazioni, una ventina, che si sono messe in gioco, oggi \u00e8 attiva una vasta rete di volontariato che si occupa di giovani, prevenzione, socializzazione, che aiuta nel promuovere la sicurezza sul territorio. Sempre in stretta sintonia con il CEIS\u201d.<\/em><\/p>\n<p><strong><a href=\"https:\/\/www.gruppoceis.it\/lanostrastoria\/quarantanni-di-progetti-formativi-nelle-scuole\/\">Carla Pavarotti Cavazzuti<\/a>, <\/strong>conduttrice di gruppi di auto-aiuto per genitori e promotrice delle prime attivit\u00e0 di formazione e prevenzione nelle scuole: \u201c<em>Sono volontaria del CEIS dalla sua nascita, se non prima. Mio marito fu uno dei 7 soci fondatori. Abbiamo organizzato momenti di formazione in tutte le scuole della provincia di Modena\u201d.<\/em><\/p>\n<p><a href=\"https:\/\/www.gruppoceis.it\/lanostrastoria\/quando-montammo-lo-stand-ceis-alla-festa-de-lunita\/\"><strong>Marta Cocchi<\/strong><\/a>, volontaria e \u201coperatrice di strada\u201d: \u201c<em>Mia figlia aveva problemi di tossicodipendenza e il Programma CEIS ci ha cambiato la vita. A lei e a noi genitori&#8230; Fu cos\u00ec che parlai con il sindaco di Vignola, in quel periodo ero consigliere comunale, che diede l\u2019assenso al mio intendimento di andare in giro per il Comune a parlare direttamente con i ragazzi per convincerli a frequentare il Centro\u2026\u201d.<\/em><\/p>\n<p><strong><a href=\"https:\/\/www.gruppoceis.it\/lanostrastoria\/prima-che-ceis-nascesse-gia-ero-una-volontaria\/\">Silvana Malvolti<\/a>: <\/strong><em>\u201cAscoltando la radio, un giorno sentii la testimonianza di una ragazza che parlava del CEIS di Roma, dei suoi percorsi di fuoriuscita dalla tossicodipendenza, di accoglienza e recupero. E da l\u00ec tutto cominci\u00f2\u2026\u201d.<\/em><\/p>\n<p>E ancora, <a href=\"https:\/\/www.gruppoceis.it\/lanostrastoria\/quella-banda-che-fece-nascere-il-centro-lorizzonte\/\"><strong>Claudio Michelotti<\/strong><\/a>, uno dei soci fondatori del Centro L\u2019Orizzonte: <em>\u201cA quell\u2019epoca la droga era soprattutto un fenomeno giovanile, mentre la tossicodipendenza adulta non emergeva se non marginalmente; colpiva dunque essenzialmente le famiglie, che venivano sconvolte nel loro compito educativo e non trovavano rispost<\/em>e\u201d.<\/p>\n<p>Storie toccanti e significative di persone che, insieme ad altri, con caparbiet\u00e0 e la testimonianza del loro dolore fecero breccia nel cuore di padre Giuliano Stenico.<\/p>\n<p>Il volontario resta ancora oggi una figura fondamentale nei percorsi di recupero in tutti gli ambiti di attivit\u00e0 del CEIS: un ringraziamento particolare va quindi ai responsabili delle associazioni CESAV-ODV, Alchemia APS-ASD, AMA-ODV e Casaperta-ODV, che con il loro impegno garantiscono il funzionamento di questi Enti che raccolgono i tanti volontari che operano nelle nostre strutture.<\/p>\n<p>&nbsp;<\/p>\n<h3>PHOTOGALLERY<\/h3>\n<hr \/>\n<div id='gallery-1' class='gallery galleryid-27 gallery-columns-3 gallery-size-vlog-lay-e-full'><figure class='gallery-item'>\n\t\t\t<div class='gallery-icon landscape'>\n\t\t\t\t<a href='https:\/\/www.gruppoceis.it\/lanostrastoria\/wp-content\/uploads\/2022\/02\/cena-volontari-06-2019.jpg'><img loading=\"lazy\" decoding=\"async\" width=\"344\" height=\"193\" src=\"https:\/\/www.gruppoceis.it\/lanostrastoria\/wp-content\/uploads\/2022\/02\/cena-volontari-06-2019-344x193.jpg\" class=\"attachment-vlog-lay-e-full size-vlog-lay-e-full\" alt=\"\" aria-describedby=\"gallery-1-1779\" srcset=\"https:\/\/www.gruppoceis.it\/lanostrastoria\/wp-content\/uploads\/2022\/02\/cena-volontari-06-2019-344x193.jpg 344w, https:\/\/www.gruppoceis.it\/lanostrastoria\/wp-content\/uploads\/2022\/02\/cena-volontari-06-2019-768x432.jpg 768w, https:\/\/www.gruppoceis.it\/lanostrastoria\/wp-content\/uploads\/2022\/02\/cena-volontari-06-2019-1104x621.jpg 1104w, https:\/\/www.gruppoceis.it\/lanostrastoria\/wp-content\/uploads\/2022\/02\/cena-volontari-06-2019-366x205.jpg 366w, https:\/\/www.gruppoceis.it\/lanostrastoria\/wp-content\/uploads\/2022\/02\/cena-volontari-06-2019-534x300.jpg 534w, https:\/\/www.gruppoceis.it\/lanostrastoria\/wp-content\/uploads\/2022\/02\/cena-volontari-06-2019-165x92.jpg 165w, https:\/\/www.gruppoceis.it\/lanostrastoria\/wp-content\/uploads\/2022\/02\/cena-volontari-06-2019-249x140.jpg 249w, https:\/\/www.gruppoceis.it\/lanostrastoria\/wp-content\/uploads\/2022\/02\/cena-volontari-06-2019-232x130.jpg 232w, https:\/\/www.gruppoceis.it\/lanostrastoria\/wp-content\/uploads\/2022\/02\/cena-volontari-06-2019-76x42.jpg 76w, https:\/\/www.gruppoceis.it\/lanostrastoria\/wp-content\/uploads\/2022\/02\/cena-volontari-06-2019-123x69.jpg 123w\" sizes=\"auto, (max-width: 344px) 100vw, 344px\" \/><\/a>\n\t\t\t<\/div>\n\t\t\t\t<figcaption class='wp-caption-text gallery-caption' id='gallery-1-1779'>\n\t\t\t\tCena Volontari Giugno 2019\n\t\t\t\t<\/figcaption><\/figure><figure class='gallery-item'>\n\t\t\t<div class='gallery-icon landscape'>\n\t\t\t\t<a href='https:\/\/www.gruppoceis.it\/lanostrastoria\/wp-content\/uploads\/2022\/11\/Volontari-inpegnati-nella-vendita-delle-Stelle-di-Natale.jpg'><img loading=\"lazy\" decoding=\"async\" width=\"344\" height=\"193\" src=\"https:\/\/www.gruppoceis.it\/lanostrastoria\/wp-content\/uploads\/2022\/11\/Volontari-inpegnati-nella-vendita-delle-Stelle-di-Natale-344x193.jpg\" class=\"attachment-vlog-lay-e-full size-vlog-lay-e-full\" alt=\"\" aria-describedby=\"gallery-1-2740\" srcset=\"https:\/\/www.gruppoceis.it\/lanostrastoria\/wp-content\/uploads\/2022\/11\/Volontari-inpegnati-nella-vendita-delle-Stelle-di-Natale-344x193.jpg 344w, https:\/\/www.gruppoceis.it\/lanostrastoria\/wp-content\/uploads\/2022\/11\/Volontari-inpegnati-nella-vendita-delle-Stelle-di-Natale-768x432.jpg 768w, https:\/\/www.gruppoceis.it\/lanostrastoria\/wp-content\/uploads\/2022\/11\/Volontari-inpegnati-nella-vendita-delle-Stelle-di-Natale-1104x621.jpg 1104w, https:\/\/www.gruppoceis.it\/lanostrastoria\/wp-content\/uploads\/2022\/11\/Volontari-inpegnati-nella-vendita-delle-Stelle-di-Natale-366x205.jpg 366w, https:\/\/www.gruppoceis.it\/lanostrastoria\/wp-content\/uploads\/2022\/11\/Volontari-inpegnati-nella-vendita-delle-Stelle-di-Natale-534x300.jpg 534w, https:\/\/www.gruppoceis.it\/lanostrastoria\/wp-content\/uploads\/2022\/11\/Volontari-inpegnati-nella-vendita-delle-Stelle-di-Natale-165x92.jpg 165w, https:\/\/www.gruppoceis.it\/lanostrastoria\/wp-content\/uploads\/2022\/11\/Volontari-inpegnati-nella-vendita-delle-Stelle-di-Natale-249x140.jpg 249w, https:\/\/www.gruppoceis.it\/lanostrastoria\/wp-content\/uploads\/2022\/11\/Volontari-inpegnati-nella-vendita-delle-Stelle-di-Natale-232x130.jpg 232w, https:\/\/www.gruppoceis.it\/lanostrastoria\/wp-content\/uploads\/2022\/11\/Volontari-inpegnati-nella-vendita-delle-Stelle-di-Natale-76x42.jpg 76w, https:\/\/www.gruppoceis.it\/lanostrastoria\/wp-content\/uploads\/2022\/11\/Volontari-inpegnati-nella-vendita-delle-Stelle-di-Natale-123x69.jpg 123w\" sizes=\"auto, (max-width: 344px) 100vw, 344px\" \/><\/a>\n\t\t\t<\/div>\n\t\t\t\t<figcaption class='wp-caption-text gallery-caption' id='gallery-1-2740'>\n\t\t\t\tVolontari impegnati nella vendita delle Stelle di Natale\n\t\t\t\t<\/figcaption><\/figure><figure class='gallery-item'>\n\t\t\t<div class='gallery-icon landscape'>\n\t\t\t\t<a href='https:\/\/www.gruppoceis.it\/lanostrastoria\/wp-content\/uploads\/2022\/02\/IMG_9540.jpg'><img loading=\"lazy\" decoding=\"async\" width=\"344\" height=\"193\" src=\"https:\/\/www.gruppoceis.it\/lanostrastoria\/wp-content\/uploads\/2022\/02\/IMG_9540-344x193.jpg\" class=\"attachment-vlog-lay-e-full size-vlog-lay-e-full\" alt=\"\" srcset=\"https:\/\/www.gruppoceis.it\/lanostrastoria\/wp-content\/uploads\/2022\/02\/IMG_9540-344x193.jpg 344w, https:\/\/www.gruppoceis.it\/lanostrastoria\/wp-content\/uploads\/2022\/02\/IMG_9540-768x432.jpg 768w, https:\/\/www.gruppoceis.it\/lanostrastoria\/wp-content\/uploads\/2022\/02\/IMG_9540-1104x621.jpg 1104w, https:\/\/www.gruppoceis.it\/lanostrastoria\/wp-content\/uploads\/2022\/02\/IMG_9540-366x205.jpg 366w, https:\/\/www.gruppoceis.it\/lanostrastoria\/wp-content\/uploads\/2022\/02\/IMG_9540-534x300.jpg 534w, https:\/\/www.gruppoceis.it\/lanostrastoria\/wp-content\/uploads\/2022\/02\/IMG_9540-165x92.jpg 165w, https:\/\/www.gruppoceis.it\/lanostrastoria\/wp-content\/uploads\/2022\/02\/IMG_9540-249x140.jpg 249w, https:\/\/www.gruppoceis.it\/lanostrastoria\/wp-content\/uploads\/2022\/02\/IMG_9540-232x130.jpg 232w, https:\/\/www.gruppoceis.it\/lanostrastoria\/wp-content\/uploads\/2022\/02\/IMG_9540-76x42.jpg 76w, https:\/\/www.gruppoceis.it\/lanostrastoria\/wp-content\/uploads\/2022\/02\/IMG_9540-123x69.jpg 123w\" sizes=\"auto, (max-width: 344px) 100vw, 344px\" \/><\/a>\n\t\t\t<\/div><\/figure><figure class='gallery-item'>\n\t\t\t<div class='gallery-icon landscape'>\n\t\t\t\t<a href='https:\/\/www.gruppoceis.it\/lanostrastoria\/wp-content\/uploads\/2022\/02\/arcobaleno.jpg'><img loading=\"lazy\" decoding=\"async\" width=\"344\" height=\"193\" src=\"https:\/\/www.gruppoceis.it\/lanostrastoria\/wp-content\/uploads\/2022\/02\/arcobaleno-344x193.jpg\" class=\"attachment-vlog-lay-e-full size-vlog-lay-e-full\" alt=\"\" srcset=\"https:\/\/www.gruppoceis.it\/lanostrastoria\/wp-content\/uploads\/2022\/02\/arcobaleno-344x193.jpg 344w, https:\/\/www.gruppoceis.it\/lanostrastoria\/wp-content\/uploads\/2022\/02\/arcobaleno-768x432.jpg 768w, https:\/\/www.gruppoceis.it\/lanostrastoria\/wp-content\/uploads\/2022\/02\/arcobaleno-1104x621.jpg 1104w, https:\/\/www.gruppoceis.it\/lanostrastoria\/wp-content\/uploads\/2022\/02\/arcobaleno-366x205.jpg 366w, https:\/\/www.gruppoceis.it\/lanostrastoria\/wp-content\/uploads\/2022\/02\/arcobaleno-534x300.jpg 534w, https:\/\/www.gruppoceis.it\/lanostrastoria\/wp-content\/uploads\/2022\/02\/arcobaleno-165x92.jpg 165w, https:\/\/www.gruppoceis.it\/lanostrastoria\/wp-content\/uploads\/2022\/02\/arcobaleno-249x140.jpg 249w, https:\/\/www.gruppoceis.it\/lanostrastoria\/wp-content\/uploads\/2022\/02\/arcobaleno-232x130.jpg 232w, https:\/\/www.gruppoceis.it\/lanostrastoria\/wp-content\/uploads\/2022\/02\/arcobaleno-76x42.jpg 76w, https:\/\/www.gruppoceis.it\/lanostrastoria\/wp-content\/uploads\/2022\/02\/arcobaleno-123x69.jpg 123w\" sizes=\"auto, (max-width: 344px) 100vw, 344px\" \/><\/a>\n\t\t\t<\/div><\/figure><figure class='gallery-item'>\n\t\t\t<div class='gallery-icon landscape'>\n\t\t\t\t<a href='https:\/\/www.gruppoceis.it\/lanostrastoria\/wp-content\/uploads\/2022\/02\/arcobaleno2.jpg'><img loading=\"lazy\" decoding=\"async\" width=\"344\" height=\"193\" src=\"https:\/\/www.gruppoceis.it\/lanostrastoria\/wp-content\/uploads\/2022\/02\/arcobaleno2-344x193.jpg\" class=\"attachment-vlog-lay-e-full size-vlog-lay-e-full\" alt=\"\" srcset=\"https:\/\/www.gruppoceis.it\/lanostrastoria\/wp-content\/uploads\/2022\/02\/arcobaleno2-344x193.jpg 344w, https:\/\/www.gruppoceis.it\/lanostrastoria\/wp-content\/uploads\/2022\/02\/arcobaleno2-768x432.jpg 768w, https:\/\/www.gruppoceis.it\/lanostrastoria\/wp-content\/uploads\/2022\/02\/arcobaleno2-1104x621.jpg 1104w, https:\/\/www.gruppoceis.it\/lanostrastoria\/wp-content\/uploads\/2022\/02\/arcobaleno2-366x205.jpg 366w, https:\/\/www.gruppoceis.it\/lanostrastoria\/wp-content\/uploads\/2022\/02\/arcobaleno2-534x300.jpg 534w, https:\/\/www.gruppoceis.it\/lanostrastoria\/wp-content\/uploads\/2022\/02\/arcobaleno2-165x92.jpg 165w, https:\/\/www.gruppoceis.it\/lanostrastoria\/wp-content\/uploads\/2022\/02\/arcobaleno2-249x140.jpg 249w, https:\/\/www.gruppoceis.it\/lanostrastoria\/wp-content\/uploads\/2022\/02\/arcobaleno2-232x130.jpg 232w, https:\/\/www.gruppoceis.it\/lanostrastoria\/wp-content\/uploads\/2022\/02\/arcobaleno2-76x42.jpg 76w, https:\/\/www.gruppoceis.it\/lanostrastoria\/wp-content\/uploads\/2022\/02\/arcobaleno2-123x69.jpg 123w\" sizes=\"auto, (max-width: 344px) 100vw, 344px\" \/><\/a>\n\t\t\t<\/div><\/figure><figure class='gallery-item'>\n\t\t\t<div class='gallery-icon landscape'>\n\t\t\t\t<a href='https:\/\/www.gruppoceis.it\/lanostrastoria\/wp-content\/uploads\/2022\/02\/volontariato01.jpg'><img loading=\"lazy\" decoding=\"async\" width=\"344\" height=\"193\" src=\"https:\/\/www.gruppoceis.it\/lanostrastoria\/wp-content\/uploads\/2022\/02\/volontariato01-344x193.jpg\" class=\"attachment-vlog-lay-e-full size-vlog-lay-e-full\" alt=\"\" srcset=\"https:\/\/www.gruppoceis.it\/lanostrastoria\/wp-content\/uploads\/2022\/02\/volontariato01-344x193.jpg 344w, https:\/\/www.gruppoceis.it\/lanostrastoria\/wp-content\/uploads\/2022\/02\/volontariato01-768x432.jpg 768w, https:\/\/www.gruppoceis.it\/lanostrastoria\/wp-content\/uploads\/2022\/02\/volontariato01-1104x621.jpg 1104w, https:\/\/www.gruppoceis.it\/lanostrastoria\/wp-content\/uploads\/2022\/02\/volontariato01-366x205.jpg 366w, https:\/\/www.gruppoceis.it\/lanostrastoria\/wp-content\/uploads\/2022\/02\/volontariato01-534x300.jpg 534w, https:\/\/www.gruppoceis.it\/lanostrastoria\/wp-content\/uploads\/2022\/02\/volontariato01-165x92.jpg 165w, https:\/\/www.gruppoceis.it\/lanostrastoria\/wp-content\/uploads\/2022\/02\/volontariato01-249x140.jpg 249w, https:\/\/www.gruppoceis.it\/lanostrastoria\/wp-content\/uploads\/2022\/02\/volontariato01-232x130.jpg 232w, https:\/\/www.gruppoceis.it\/lanostrastoria\/wp-content\/uploads\/2022\/02\/volontariato01-76x42.jpg 76w, https:\/\/www.gruppoceis.it\/lanostrastoria\/wp-content\/uploads\/2022\/02\/volontariato01-123x69.jpg 123w\" sizes=\"auto, (max-width: 344px) 100vw, 344px\" \/><\/a>\n\t\t\t<\/div><\/figure><figure class='gallery-item'>\n\t\t\t<div class='gallery-icon landscape'>\n\t\t\t\t<a href='https:\/\/www.gruppoceis.it\/lanostrastoria\/wp-content\/uploads\/2022\/02\/IMG-20210621-WA0020.jpg'><img loading=\"lazy\" decoding=\"async\" width=\"344\" height=\"193\" src=\"https:\/\/www.gruppoceis.it\/lanostrastoria\/wp-content\/uploads\/2022\/02\/IMG-20210621-WA0020-344x193.jpg\" class=\"attachment-vlog-lay-e-full size-vlog-lay-e-full\" alt=\"\" srcset=\"https:\/\/www.gruppoceis.it\/lanostrastoria\/wp-content\/uploads\/2022\/02\/IMG-20210621-WA0020-344x193.jpg 344w, https:\/\/www.gruppoceis.it\/lanostrastoria\/wp-content\/uploads\/2022\/02\/IMG-20210621-WA0020-768x432.jpg 768w, https:\/\/www.gruppoceis.it\/lanostrastoria\/wp-content\/uploads\/2022\/02\/IMG-20210621-WA0020-1104x621.jpg 1104w, https:\/\/www.gruppoceis.it\/lanostrastoria\/wp-content\/uploads\/2022\/02\/IMG-20210621-WA0020-366x205.jpg 366w, https:\/\/www.gruppoceis.it\/lanostrastoria\/wp-content\/uploads\/2022\/02\/IMG-20210621-WA0020-534x300.jpg 534w, https:\/\/www.gruppoceis.it\/lanostrastoria\/wp-content\/uploads\/2022\/02\/IMG-20210621-WA0020-165x92.jpg 165w, https:\/\/www.gruppoceis.it\/lanostrastoria\/wp-content\/uploads\/2022\/02\/IMG-20210621-WA0020-249x140.jpg 249w, https:\/\/www.gruppoceis.it\/lanostrastoria\/wp-content\/uploads\/2022\/02\/IMG-20210621-WA0020-232x130.jpg 232w, https:\/\/www.gruppoceis.it\/lanostrastoria\/wp-content\/uploads\/2022\/02\/IMG-20210621-WA0020-76x42.jpg 76w, https:\/\/www.gruppoceis.it\/lanostrastoria\/wp-content\/uploads\/2022\/02\/IMG-20210621-WA0020-123x69.jpg 123w\" sizes=\"auto, (max-width: 344px) 100vw, 344px\" \/><\/a>\n\t\t\t<\/div><\/figure><figure class='gallery-item'>\n\t\t\t<div class='gallery-icon landscape'>\n\t\t\t\t<a href='https:\/\/www.gruppoceis.it\/lanostrastoria\/wp-content\/uploads\/2022\/02\/vice-presidente-Giorgio-Michelotti-con-alcuni-volontari-nel-cortile-di-Ple-San-Giacomo-1988.jpg'><img loading=\"lazy\" decoding=\"async\" width=\"344\" height=\"193\" src=\"https:\/\/www.gruppoceis.it\/lanostrastoria\/wp-content\/uploads\/2022\/02\/vice-presidente-Giorgio-Michelotti-con-alcuni-volontari-nel-cortile-di-Ple-San-Giacomo-1988-344x193.jpg\" class=\"attachment-vlog-lay-e-full size-vlog-lay-e-full\" alt=\"\" srcset=\"https:\/\/www.gruppoceis.it\/lanostrastoria\/wp-content\/uploads\/2022\/02\/vice-presidente-Giorgio-Michelotti-con-alcuni-volontari-nel-cortile-di-Ple-San-Giacomo-1988-344x193.jpg 344w, https:\/\/www.gruppoceis.it\/lanostrastoria\/wp-content\/uploads\/2022\/02\/vice-presidente-Giorgio-Michelotti-con-alcuni-volontari-nel-cortile-di-Ple-San-Giacomo-1988-768x432.jpg 768w, https:\/\/www.gruppoceis.it\/lanostrastoria\/wp-content\/uploads\/2022\/02\/vice-presidente-Giorgio-Michelotti-con-alcuni-volontari-nel-cortile-di-Ple-San-Giacomo-1988-1104x621.jpg 1104w, https:\/\/www.gruppoceis.it\/lanostrastoria\/wp-content\/uploads\/2022\/02\/vice-presidente-Giorgio-Michelotti-con-alcuni-volontari-nel-cortile-di-Ple-San-Giacomo-1988-366x205.jpg 366w, https:\/\/www.gruppoceis.it\/lanostrastoria\/wp-content\/uploads\/2022\/02\/vice-presidente-Giorgio-Michelotti-con-alcuni-volontari-nel-cortile-di-Ple-San-Giacomo-1988-534x300.jpg 534w, https:\/\/www.gruppoceis.it\/lanostrastoria\/wp-content\/uploads\/2022\/02\/vice-presidente-Giorgio-Michelotti-con-alcuni-volontari-nel-cortile-di-Ple-San-Giacomo-1988-165x92.jpg 165w, https:\/\/www.gruppoceis.it\/lanostrastoria\/wp-content\/uploads\/2022\/02\/vice-presidente-Giorgio-Michelotti-con-alcuni-volontari-nel-cortile-di-Ple-San-Giacomo-1988-249x140.jpg 249w, https:\/\/www.gruppoceis.it\/lanostrastoria\/wp-content\/uploads\/2022\/02\/vice-presidente-Giorgio-Michelotti-con-alcuni-volontari-nel-cortile-di-Ple-San-Giacomo-1988-232x130.jpg 232w, https:\/\/www.gruppoceis.it\/lanostrastoria\/wp-content\/uploads\/2022\/02\/vice-presidente-Giorgio-Michelotti-con-alcuni-volontari-nel-cortile-di-Ple-San-Giacomo-1988-76x42.jpg 76w, https:\/\/www.gruppoceis.it\/lanostrastoria\/wp-content\/uploads\/2022\/02\/vice-presidente-Giorgio-Michelotti-con-alcuni-volontari-nel-cortile-di-Ple-San-Giacomo-1988-123x69.jpg 123w\" sizes=\"auto, (max-width: 344px) 100vw, 344px\" \/><\/a>\n\t\t\t<\/div><\/figure><figure class='gallery-item'>\n\t\t\t<div class='gallery-icon landscape'>\n\t\t\t\t<a href='https:\/\/www.gruppoceis.it\/lanostrastoria\/wp-content\/uploads\/2022\/02\/Inaugurazione-La-Corte-prima-struttura-recuperata.jpg'><img loading=\"lazy\" decoding=\"async\" width=\"344\" height=\"193\" src=\"https:\/\/www.gruppoceis.it\/lanostrastoria\/wp-content\/uploads\/2022\/02\/Inaugurazione-La-Corte-prima-struttura-recuperata-344x193.jpg\" class=\"attachment-vlog-lay-e-full size-vlog-lay-e-full\" alt=\"\" srcset=\"https:\/\/www.gruppoceis.it\/lanostrastoria\/wp-content\/uploads\/2022\/02\/Inaugurazione-La-Corte-prima-struttura-recuperata-344x193.jpg 344w, https:\/\/www.gruppoceis.it\/lanostrastoria\/wp-content\/uploads\/2022\/02\/Inaugurazione-La-Corte-prima-struttura-recuperata-768x432.jpg 768w, https:\/\/www.gruppoceis.it\/lanostrastoria\/wp-content\/uploads\/2022\/02\/Inaugurazione-La-Corte-prima-struttura-recuperata-1104x621.jpg 1104w, https:\/\/www.gruppoceis.it\/lanostrastoria\/wp-content\/uploads\/2022\/02\/Inaugurazione-La-Corte-prima-struttura-recuperata-366x205.jpg 366w, https:\/\/www.gruppoceis.it\/lanostrastoria\/wp-content\/uploads\/2022\/02\/Inaugurazione-La-Corte-prima-struttura-recuperata-534x300.jpg 534w, https:\/\/www.gruppoceis.it\/lanostrastoria\/wp-content\/uploads\/2022\/02\/Inaugurazione-La-Corte-prima-struttura-recuperata-165x92.jpg 165w, https:\/\/www.gruppoceis.it\/lanostrastoria\/wp-content\/uploads\/2022\/02\/Inaugurazione-La-Corte-prima-struttura-recuperata-249x140.jpg 249w, https:\/\/www.gruppoceis.it\/lanostrastoria\/wp-content\/uploads\/2022\/02\/Inaugurazione-La-Corte-prima-struttura-recuperata-232x130.jpg 232w, https:\/\/www.gruppoceis.it\/lanostrastoria\/wp-content\/uploads\/2022\/02\/Inaugurazione-La-Corte-prima-struttura-recuperata-76x42.jpg 76w, https:\/\/www.gruppoceis.it\/lanostrastoria\/wp-content\/uploads\/2022\/02\/Inaugurazione-La-Corte-prima-struttura-recuperata-123x69.jpg 123w\" sizes=\"auto, (max-width: 344px) 100vw, 344px\" \/><\/a>\n\t\t\t<\/div><\/figure><figure class='gallery-item'>\n\t\t\t<div class='gallery-icon landscape'>\n\t\t\t\t<a href='https:\/\/www.gruppoceis.it\/lanostrastoria\/wp-content\/uploads\/2022\/02\/inaugurazione-Faretra-padre-Giuliano-con-il-vescovo-Benito-Cocchi.jpg'><img loading=\"lazy\" decoding=\"async\" width=\"344\" height=\"193\" src=\"https:\/\/www.gruppoceis.it\/lanostrastoria\/wp-content\/uploads\/2022\/02\/inaugurazione-Faretra-padre-Giuliano-con-il-vescovo-Benito-Cocchi-344x193.jpg\" class=\"attachment-vlog-lay-e-full size-vlog-lay-e-full\" alt=\"\" srcset=\"https:\/\/www.gruppoceis.it\/lanostrastoria\/wp-content\/uploads\/2022\/02\/inaugurazione-Faretra-padre-Giuliano-con-il-vescovo-Benito-Cocchi-344x193.jpg 344w, https:\/\/www.gruppoceis.it\/lanostrastoria\/wp-content\/uploads\/2022\/02\/inaugurazione-Faretra-padre-Giuliano-con-il-vescovo-Benito-Cocchi-768x432.jpg 768w, https:\/\/www.gruppoceis.it\/lanostrastoria\/wp-content\/uploads\/2022\/02\/inaugurazione-Faretra-padre-Giuliano-con-il-vescovo-Benito-Cocchi-1104x621.jpg 1104w, https:\/\/www.gruppoceis.it\/lanostrastoria\/wp-content\/uploads\/2022\/02\/inaugurazione-Faretra-padre-Giuliano-con-il-vescovo-Benito-Cocchi-366x205.jpg 366w, https:\/\/www.gruppoceis.it\/lanostrastoria\/wp-content\/uploads\/2022\/02\/inaugurazione-Faretra-padre-Giuliano-con-il-vescovo-Benito-Cocchi-534x300.jpg 534w, https:\/\/www.gruppoceis.it\/lanostrastoria\/wp-content\/uploads\/2022\/02\/inaugurazione-Faretra-padre-Giuliano-con-il-vescovo-Benito-Cocchi-165x92.jpg 165w, https:\/\/www.gruppoceis.it\/lanostrastoria\/wp-content\/uploads\/2022\/02\/inaugurazione-Faretra-padre-Giuliano-con-il-vescovo-Benito-Cocchi-249x140.jpg 249w, https:\/\/www.gruppoceis.it\/lanostrastoria\/wp-content\/uploads\/2022\/02\/inaugurazione-Faretra-padre-Giuliano-con-il-vescovo-Benito-Cocchi-232x130.jpg 232w, https:\/\/www.gruppoceis.it\/lanostrastoria\/wp-content\/uploads\/2022\/02\/inaugurazione-Faretra-padre-Giuliano-con-il-vescovo-Benito-Cocchi-76x42.jpg 76w, https:\/\/www.gruppoceis.it\/lanostrastoria\/wp-content\/uploads\/2022\/02\/inaugurazione-Faretra-padre-Giuliano-con-il-vescovo-Benito-Cocchi-123x69.jpg 123w\" sizes=\"auto, (max-width: 344px) 100vw, 344px\" \/><\/a>\n\t\t\t<\/div><\/figure><figure class='gallery-item'>\n\t\t\t<div class='gallery-icon landscape'>\n\t\t\t\t<a href='https:\/\/www.gruppoceis.it\/lanostrastoria\/wp-content\/uploads\/2022\/02\/Inaugurazione-case-famiglia-Faretra.jpg'><img loading=\"lazy\" decoding=\"async\" width=\"344\" height=\"193\" src=\"https:\/\/www.gruppoceis.it\/lanostrastoria\/wp-content\/uploads\/2022\/02\/Inaugurazione-case-famiglia-Faretra-344x193.jpg\" class=\"attachment-vlog-lay-e-full size-vlog-lay-e-full\" alt=\"\" srcset=\"https:\/\/www.gruppoceis.it\/lanostrastoria\/wp-content\/uploads\/2022\/02\/Inaugurazione-case-famiglia-Faretra-344x193.jpg 344w, https:\/\/www.gruppoceis.it\/lanostrastoria\/wp-content\/uploads\/2022\/02\/Inaugurazione-case-famiglia-Faretra-768x432.jpg 768w, https:\/\/www.gruppoceis.it\/lanostrastoria\/wp-content\/uploads\/2022\/02\/Inaugurazione-case-famiglia-Faretra-1104x621.jpg 1104w, https:\/\/www.gruppoceis.it\/lanostrastoria\/wp-content\/uploads\/2022\/02\/Inaugurazione-case-famiglia-Faretra-366x205.jpg 366w, https:\/\/www.gruppoceis.it\/lanostrastoria\/wp-content\/uploads\/2022\/02\/Inaugurazione-case-famiglia-Faretra-534x300.jpg 534w, https:\/\/www.gruppoceis.it\/lanostrastoria\/wp-content\/uploads\/2022\/02\/Inaugurazione-case-famiglia-Faretra-165x92.jpg 165w, https:\/\/www.gruppoceis.it\/lanostrastoria\/wp-content\/uploads\/2022\/02\/Inaugurazione-case-famiglia-Faretra-249x140.jpg 249w, https:\/\/www.gruppoceis.it\/lanostrastoria\/wp-content\/uploads\/2022\/02\/Inaugurazione-case-famiglia-Faretra-232x130.jpg 232w, https:\/\/www.gruppoceis.it\/lanostrastoria\/wp-content\/uploads\/2022\/02\/Inaugurazione-case-famiglia-Faretra-76x42.jpg 76w, https:\/\/www.gruppoceis.it\/lanostrastoria\/wp-content\/uploads\/2022\/02\/Inaugurazione-case-famiglia-Faretra-123x69.jpg 123w\" sizes=\"auto, (max-width: 344px) 100vw, 344px\" \/><\/a>\n\t\t\t<\/div><\/figure><figure class='gallery-item'>\n\t\t\t<div class='gallery-icon portrait'>\n\t\t\t\t<a href='https:\/\/www.gruppoceis.it\/lanostrastoria\/wp-content\/uploads\/2022\/02\/Don-Picchi-accolto-dai-genitori-in-Ple-San-Giacomo-17-10-1987.jpg'><img loading=\"lazy\" decoding=\"async\" width=\"344\" height=\"193\" src=\"https:\/\/www.gruppoceis.it\/lanostrastoria\/wp-content\/uploads\/2022\/02\/Don-Picchi-accolto-dai-genitori-in-Ple-San-Giacomo-17-10-1987-344x193.jpg\" class=\"attachment-vlog-lay-e-full size-vlog-lay-e-full\" alt=\"\" srcset=\"https:\/\/www.gruppoceis.it\/lanostrastoria\/wp-content\/uploads\/2022\/02\/Don-Picchi-accolto-dai-genitori-in-Ple-San-Giacomo-17-10-1987-344x193.jpg 344w, https:\/\/www.gruppoceis.it\/lanostrastoria\/wp-content\/uploads\/2022\/02\/Don-Picchi-accolto-dai-genitori-in-Ple-San-Giacomo-17-10-1987-768x432.jpg 768w, https:\/\/www.gruppoceis.it\/lanostrastoria\/wp-content\/uploads\/2022\/02\/Don-Picchi-accolto-dai-genitori-in-Ple-San-Giacomo-17-10-1987-366x205.jpg 366w, https:\/\/www.gruppoceis.it\/lanostrastoria\/wp-content\/uploads\/2022\/02\/Don-Picchi-accolto-dai-genitori-in-Ple-San-Giacomo-17-10-1987-534x300.jpg 534w, https:\/\/www.gruppoceis.it\/lanostrastoria\/wp-content\/uploads\/2022\/02\/Don-Picchi-accolto-dai-genitori-in-Ple-San-Giacomo-17-10-1987-165x92.jpg 165w, https:\/\/www.gruppoceis.it\/lanostrastoria\/wp-content\/uploads\/2022\/02\/Don-Picchi-accolto-dai-genitori-in-Ple-San-Giacomo-17-10-1987-249x140.jpg 249w, https:\/\/www.gruppoceis.it\/lanostrastoria\/wp-content\/uploads\/2022\/02\/Don-Picchi-accolto-dai-genitori-in-Ple-San-Giacomo-17-10-1987-232x130.jpg 232w, https:\/\/www.gruppoceis.it\/lanostrastoria\/wp-content\/uploads\/2022\/02\/Don-Picchi-accolto-dai-genitori-in-Ple-San-Giacomo-17-10-1987-76x42.jpg 76w, https:\/\/www.gruppoceis.it\/lanostrastoria\/wp-content\/uploads\/2022\/02\/Don-Picchi-accolto-dai-genitori-in-Ple-San-Giacomo-17-10-1987-123x69.jpg 123w\" sizes=\"auto, (max-width: 344px) 100vw, 344px\" \/><\/a>\n\t\t\t<\/div><\/figure>\n\t\t<\/div>\n\n<hr \/>\n<p>&nbsp;<\/p>\n","protected":false},"excerpt":{"rendered":"<p> &#8211;<\/p>\n","protected":false},"author":1,"featured_media":524,"comment_status":"closed","ping_status":"closed","sticky":false,"template":"","format":"video","meta":{"footnotes":"","_links_to":"","_links_to_target":""},"categories":[5],"tags":[72,71],"series":[],"class_list":["post-27","post","type-post","status-publish","format-video","has-post-thumbnail","hentry","category-familiari-volontari-e-associazionismo","tag-box-home","tag-video","post_format-post-format-video"],"yoast_head":"<!-- This site is optimized with the Yoast SEO plugin v26.0 - https:\/\/yoast.com\/wordpress\/plugins\/seo\/ -->\n<title>Familiari, Volontari e Associazionismo - CEIS 40<\/title>\n<meta name=\"robots\" content=\"index, follow, max-snippet:-1, max-image-preview:large, max-video-preview:-1\" \/>\n<link rel=\"canonical\" href=\"https:\/\/www.gruppoceis.it\/lanostrastoria\/familiari-volontari-e-associazionismo\/\" \/>\n<meta property=\"og:locale\" content=\"it_IT\" \/>\n<meta property=\"og:type\" content=\"article\" \/>\n<meta property=\"og:title\" content=\"Familiari, Volontari e Associazionismo - CEIS 40\" \/>\n<meta property=\"og:description\" content=\"-\" \/>\n<meta property=\"og:url\" content=\"https:\/\/www.gruppoceis.it\/lanostrastoria\/familiari-volontari-e-associazionismo\/\" \/>\n<meta property=\"og:site_name\" content=\"CEIS 40\" \/>\n<meta property=\"article:publisher\" content=\"https:\/\/www.facebook.com\/gruppoceis\" \/>\n<meta property=\"article:author\" content=\"#\" \/>\n<meta property=\"article:published_time\" content=\"2022-02-27T15:50:36+00:00\" \/>\n<meta property=\"article:modified_time\" content=\"2024-04-15T12:47:44+00:00\" \/>\n<meta property=\"og:image\" content=\"https:\/\/www.gruppoceis.it\/lanostrastoria\/wp-content\/uploads\/2022\/02\/MO-37_Volontari_1280.jpg\" \/>\n\t<meta property=\"og:image:width\" content=\"1280\" \/>\n\t<meta property=\"og:image:height\" content=\"720\" \/>\n\t<meta property=\"og:image:type\" content=\"image\/jpeg\" \/>\n<meta name=\"author\" content=\"admin\" \/>\n<meta name=\"twitter:card\" content=\"summary_large_image\" \/>\n<meta name=\"twitter:creator\" content=\"@#\" \/>\n<meta name=\"twitter:label1\" content=\"Scritto da\" \/>\n\t<meta name=\"twitter:data1\" content=\"admin\" \/>\n\t<meta name=\"twitter:label2\" content=\"Tempo di lettura stimato\" \/>\n\t<meta name=\"twitter:data2\" content=\"2 minuti\" \/>\n<script type=\"application\/ld+json\" class=\"yoast-schema-graph\">{\"@context\":\"https:\/\/schema.org\",\"@graph\":[{\"@type\":\"Article\",\"@id\":\"https:\/\/www.gruppoceis.it\/lanostrastoria\/familiari-volontari-e-associazionismo\/#article\",\"isPartOf\":{\"@id\":\"https:\/\/www.gruppoceis.it\/lanostrastoria\/familiari-volontari-e-associazionismo\/\"},\"author\":{\"name\":\"admin\",\"@id\":\"https:\/\/www.gruppoceis.it\/lanostrastoria\/#\/schema\/person\/6ab112b522433fb306565f64e7a22060\"},\"headline\":\"Familiari, Volontari e Associazionismo\",\"datePublished\":\"2022-02-27T15:50:36+00:00\",\"dateModified\":\"2024-04-15T12:47:44+00:00\",\"mainEntityOfPage\":{\"@id\":\"https:\/\/www.gruppoceis.it\/lanostrastoria\/familiari-volontari-e-associazionismo\/\"},\"wordCount\":499,\"publisher\":{\"@id\":\"https:\/\/www.gruppoceis.it\/lanostrastoria\/#organization\"},\"image\":{\"@id\":\"https:\/\/www.gruppoceis.it\/lanostrastoria\/familiari-volontari-e-associazionismo\/#primaryimage\"},\"thumbnailUrl\":\"https:\/\/www.gruppoceis.it\/lanostrastoria\/wp-content\/uploads\/2022\/02\/MO-37_Volontari_1280.jpg\",\"keywords\":[\"Box-home\",\"Video\"],\"articleSection\":[\"Familiari Volontari e Associazionismo\"],\"inLanguage\":\"it-IT\"},{\"@type\":\"WebPage\",\"@id\":\"https:\/\/www.gruppoceis.it\/lanostrastoria\/familiari-volontari-e-associazionismo\/\",\"url\":\"https:\/\/www.gruppoceis.it\/lanostrastoria\/familiari-volontari-e-associazionismo\/\",\"name\":\"Familiari, Volontari e Associazionismo - CEIS 40\",\"isPartOf\":{\"@id\":\"https:\/\/www.gruppoceis.it\/lanostrastoria\/#website\"},\"primaryImageOfPage\":{\"@id\":\"https:\/\/www.gruppoceis.it\/lanostrastoria\/familiari-volontari-e-associazionismo\/#primaryimage\"},\"image\":{\"@id\":\"https:\/\/www.gruppoceis.it\/lanostrastoria\/familiari-volontari-e-associazionismo\/#primaryimage\"},\"thumbnailUrl\":\"https:\/\/www.gruppoceis.it\/lanostrastoria\/wp-content\/uploads\/2022\/02\/MO-37_Volontari_1280.jpg\",\"datePublished\":\"2022-02-27T15:50:36+00:00\",\"dateModified\":\"2024-04-15T12:47:44+00:00\",\"breadcrumb\":{\"@id\":\"https:\/\/www.gruppoceis.it\/lanostrastoria\/familiari-volontari-e-associazionismo\/#breadcrumb\"},\"inLanguage\":\"it-IT\",\"potentialAction\":[{\"@type\":\"ReadAction\",\"target\":[\"https:\/\/www.gruppoceis.it\/lanostrastoria\/familiari-volontari-e-associazionismo\/\"]}]},{\"@type\":\"ImageObject\",\"inLanguage\":\"it-IT\",\"@id\":\"https:\/\/www.gruppoceis.it\/lanostrastoria\/familiari-volontari-e-associazionismo\/#primaryimage\",\"url\":\"https:\/\/www.gruppoceis.it\/lanostrastoria\/wp-content\/uploads\/2022\/02\/MO-37_Volontari_1280.jpg\",\"contentUrl\":\"https:\/\/www.gruppoceis.it\/lanostrastoria\/wp-content\/uploads\/2022\/02\/MO-37_Volontari_1280.jpg\",\"width\":1280,\"height\":720},{\"@type\":\"BreadcrumbList\",\"@id\":\"https:\/\/www.gruppoceis.it\/lanostrastoria\/familiari-volontari-e-associazionismo\/#breadcrumb\",\"itemListElement\":[{\"@type\":\"ListItem\",\"position\":1,\"name\":\"Home\",\"item\":\"https:\/\/www.gruppoceis.it\/lanostrastoria\/\"},{\"@type\":\"ListItem\",\"position\":2,\"name\":\"Familiari Volontari e Associazionismo\",\"item\":\"https:\/\/www.gruppoceis.it\/lanostrastoria\/category\/familiari-volontari-e-associazionismo\/\"},{\"@type\":\"ListItem\",\"position\":3,\"name\":\"Familiari, Volontari e Associazionismo\"}]},{\"@type\":\"WebSite\",\"@id\":\"https:\/\/www.gruppoceis.it\/lanostrastoria\/#website\",\"url\":\"https:\/\/www.gruppoceis.it\/lanostrastoria\/\",\"name\":\"CEIS 40\",\"description\":\"La nostra storia\",\"publisher\":{\"@id\":\"https:\/\/www.gruppoceis.it\/lanostrastoria\/#organization\"},\"potentialAction\":[{\"@type\":\"SearchAction\",\"target\":{\"@type\":\"EntryPoint\",\"urlTemplate\":\"https:\/\/www.gruppoceis.it\/lanostrastoria\/?s={search_term_string}\"},\"query-input\":{\"@type\":\"PropertyValueSpecification\",\"valueRequired\":true,\"valueName\":\"search_term_string\"}}],\"inLanguage\":\"it-IT\"},{\"@type\":\"Organization\",\"@id\":\"https:\/\/www.gruppoceis.it\/lanostrastoria\/#organization\",\"name\":\"Fondazione CEIS\",\"url\":\"https:\/\/www.gruppoceis.it\/lanostrastoria\/\",\"logo\":{\"@type\":\"ImageObject\",\"inLanguage\":\"it-IT\",\"@id\":\"https:\/\/www.gruppoceis.it\/lanostrastoria\/#\/schema\/logo\/image\/\",\"url\":\"https:\/\/www.gruppoceis.it\/lanostrastoria\/wp-content\/uploads\/2022\/11\/ceis40-250px.png\",\"contentUrl\":\"https:\/\/www.gruppoceis.it\/lanostrastoria\/wp-content\/uploads\/2022\/11\/ceis40-250px.png\",\"width\":250,\"height\":149,\"caption\":\"Fondazione CEIS\"},\"image\":{\"@id\":\"https:\/\/www.gruppoceis.it\/lanostrastoria\/#\/schema\/logo\/image\/\"},\"sameAs\":[\"https:\/\/www.facebook.com\/gruppoceis\"]},{\"@type\":\"Person\",\"@id\":\"https:\/\/www.gruppoceis.it\/lanostrastoria\/#\/schema\/person\/6ab112b522433fb306565f64e7a22060\",\"name\":\"admin\",\"sameAs\":[\"https:\/\/www.gruppoceis.it\/lanostrastoria\",\"#\",\"https:\/\/x.com\/#\"],\"url\":\"https:\/\/www.gruppoceis.it\/lanostrastoria\/author\/admin\/\"}]}<\/script>\n<!-- \/ Yoast SEO plugin. -->","yoast_head_json":{"title":"Familiari, Volontari e Associazionismo - CEIS 40","robots":{"index":"index","follow":"follow","max-snippet":"max-snippet:-1","max-image-preview":"max-image-preview:large","max-video-preview":"max-video-preview:-1"},"canonical":"https:\/\/www.gruppoceis.it\/lanostrastoria\/familiari-volontari-e-associazionismo\/","og_locale":"it_IT","og_type":"article","og_title":"Familiari, Volontari e Associazionismo - CEIS 40","og_description":"-","og_url":"https:\/\/www.gruppoceis.it\/lanostrastoria\/familiari-volontari-e-associazionismo\/","og_site_name":"CEIS 40","article_publisher":"https:\/\/www.facebook.com\/gruppoceis","article_author":"#","article_published_time":"2022-02-27T15:50:36+00:00","article_modified_time":"2024-04-15T12:47:44+00:00","og_image":[{"width":1280,"height":720,"url":"https:\/\/www.gruppoceis.it\/lanostrastoria\/wp-content\/uploads\/2022\/02\/MO-37_Volontari_1280.jpg","type":"image\/jpeg"}],"author":"admin","twitter_card":"summary_large_image","twitter_creator":"@#","twitter_misc":{"Scritto da":"admin","Tempo di lettura stimato":"2 minuti"},"schema":{"@context":"https:\/\/schema.org","@graph":[{"@type":"Article","@id":"https:\/\/www.gruppoceis.it\/lanostrastoria\/familiari-volontari-e-associazionismo\/#article","isPartOf":{"@id":"https:\/\/www.gruppoceis.it\/lanostrastoria\/familiari-volontari-e-associazionismo\/"},"author":{"name":"admin","@id":"https:\/\/www.gruppoceis.it\/lanostrastoria\/#\/schema\/person\/6ab112b522433fb306565f64e7a22060"},"headline":"Familiari, Volontari e Associazionismo","datePublished":"2022-02-27T15:50:36+00:00","dateModified":"2024-04-15T12:47:44+00:00","mainEntityOfPage":{"@id":"https:\/\/www.gruppoceis.it\/lanostrastoria\/familiari-volontari-e-associazionismo\/"},"wordCount":499,"publisher":{"@id":"https:\/\/www.gruppoceis.it\/lanostrastoria\/#organization"},"image":{"@id":"https:\/\/www.gruppoceis.it\/lanostrastoria\/familiari-volontari-e-associazionismo\/#primaryimage"},"thumbnailUrl":"https:\/\/www.gruppoceis.it\/lanostrastoria\/wp-content\/uploads\/2022\/02\/MO-37_Volontari_1280.jpg","keywords":["Box-home","Video"],"articleSection":["Familiari Volontari e Associazionismo"],"inLanguage":"it-IT"},{"@type":"WebPage","@id":"https:\/\/www.gruppoceis.it\/lanostrastoria\/familiari-volontari-e-associazionismo\/","url":"https:\/\/www.gruppoceis.it\/lanostrastoria\/familiari-volontari-e-associazionismo\/","name":"Familiari, Volontari e Associazionismo - CEIS 40","isPartOf":{"@id":"https:\/\/www.gruppoceis.it\/lanostrastoria\/#website"},"primaryImageOfPage":{"@id":"https:\/\/www.gruppoceis.it\/lanostrastoria\/familiari-volontari-e-associazionismo\/#primaryimage"},"image":{"@id":"https:\/\/www.gruppoceis.it\/lanostrastoria\/familiari-volontari-e-associazionismo\/#primaryimage"},"thumbnailUrl":"https:\/\/www.gruppoceis.it\/lanostrastoria\/wp-content\/uploads\/2022\/02\/MO-37_Volontari_1280.jpg","datePublished":"2022-02-27T15:50:36+00:00","dateModified":"2024-04-15T12:47:44+00:00","breadcrumb":{"@id":"https:\/\/www.gruppoceis.it\/lanostrastoria\/familiari-volontari-e-associazionismo\/#breadcrumb"},"inLanguage":"it-IT","potentialAction":[{"@type":"ReadAction","target":["https:\/\/www.gruppoceis.it\/lanostrastoria\/familiari-volontari-e-associazionismo\/"]}]},{"@type":"ImageObject","inLanguage":"it-IT","@id":"https:\/\/www.gruppoceis.it\/lanostrastoria\/familiari-volontari-e-associazionismo\/#primaryimage","url":"https:\/\/www.gruppoceis.it\/lanostrastoria\/wp-content\/uploads\/2022\/02\/MO-37_Volontari_1280.jpg","contentUrl":"https:\/\/www.gruppoceis.it\/lanostrastoria\/wp-content\/uploads\/2022\/02\/MO-37_Volontari_1280.jpg","width":1280,"height":720},{"@type":"BreadcrumbList","@id":"https:\/\/www.gruppoceis.it\/lanostrastoria\/familiari-volontari-e-associazionismo\/#breadcrumb","itemListElement":[{"@type":"ListItem","position":1,"name":"Home","item":"https:\/\/www.gruppoceis.it\/lanostrastoria\/"},{"@type":"ListItem","position":2,"name":"Familiari Volontari e Associazionismo","item":"https:\/\/www.gruppoceis.it\/lanostrastoria\/category\/familiari-volontari-e-associazionismo\/"},{"@type":"ListItem","position":3,"name":"Familiari, Volontari e Associazionismo"}]},{"@type":"WebSite","@id":"https:\/\/www.gruppoceis.it\/lanostrastoria\/#website","url":"https:\/\/www.gruppoceis.it\/lanostrastoria\/","name":"CEIS 40","description":"La nostra storia","publisher":{"@id":"https:\/\/www.gruppoceis.it\/lanostrastoria\/#organization"},"potentialAction":[{"@type":"SearchAction","target":{"@type":"EntryPoint","urlTemplate":"https:\/\/www.gruppoceis.it\/lanostrastoria\/?s={search_term_string}"},"query-input":{"@type":"PropertyValueSpecification","valueRequired":true,"valueName":"search_term_string"}}],"inLanguage":"it-IT"},{"@type":"Organization","@id":"https:\/\/www.gruppoceis.it\/lanostrastoria\/#organization","name":"Fondazione CEIS","url":"https:\/\/www.gruppoceis.it\/lanostrastoria\/","logo":{"@type":"ImageObject","inLanguage":"it-IT","@id":"https:\/\/www.gruppoceis.it\/lanostrastoria\/#\/schema\/logo\/image\/","url":"https:\/\/www.gruppoceis.it\/lanostrastoria\/wp-content\/uploads\/2022\/11\/ceis40-250px.png","contentUrl":"https:\/\/www.gruppoceis.it\/lanostrastoria\/wp-content\/uploads\/2022\/11\/ceis40-250px.png","width":250,"height":149,"caption":"Fondazione CEIS"},"image":{"@id":"https:\/\/www.gruppoceis.it\/lanostrastoria\/#\/schema\/logo\/image\/"},"sameAs":["https:\/\/www.facebook.com\/gruppoceis"]},{"@type":"Person","@id":"https:\/\/www.gruppoceis.it\/lanostrastoria\/#\/schema\/person\/6ab112b522433fb306565f64e7a22060","name":"admin","sameAs":["https:\/\/www.gruppoceis.it\/lanostrastoria","#","https:\/\/x.com\/#"],"url":"https:\/\/www.gruppoceis.it\/lanostrastoria\/author\/admin\/"}]}},"_links":{"self":[{"href":"https:\/\/www.gruppoceis.it\/lanostrastoria\/wp-json\/wp\/v2\/posts\/27","targetHints":{"allow":["GET"]}}],"collection":[{"href":"https:\/\/www.gruppoceis.it\/lanostrastoria\/wp-json\/wp\/v2\/posts"}],"about":[{"href":"https:\/\/www.gruppoceis.it\/lanostrastoria\/wp-json\/wp\/v2\/types\/post"}],"author":[{"embeddable":true,"href":"https:\/\/www.gruppoceis.it\/lanostrastoria\/wp-json\/wp\/v2\/users\/1"}],"replies":[{"embeddable":true,"href":"https:\/\/www.gruppoceis.it\/lanostrastoria\/wp-json\/wp\/v2\/comments?post=27"}],"version-history":[{"count":49,"href":"https:\/\/www.gruppoceis.it\/lanostrastoria\/wp-json\/wp\/v2\/posts\/27\/revisions"}],"predecessor-version":[{"id":3274,"href":"https:\/\/www.gruppoceis.it\/lanostrastoria\/wp-json\/wp\/v2\/posts\/27\/revisions\/3274"}],"wp:featuredmedia":[{"embeddable":true,"href":"https:\/\/www.gruppoceis.it\/lanostrastoria\/wp-json\/wp\/v2\/media\/524"}],"wp:attachment":[{"href":"https:\/\/www.gruppoceis.it\/lanostrastoria\/wp-json\/wp\/v2\/media?parent=27"}],"wp:term":[{"taxonomy":"category","embeddable":true,"href":"https:\/\/www.gruppoceis.it\/lanostrastoria\/wp-json\/wp\/v2\/categories?post=27"},{"taxonomy":"post_tag","embeddable":true,"href":"https:\/\/www.gruppoceis.it\/lanostrastoria\/wp-json\/wp\/v2\/tags?post=27"},{"taxonomy":"series","embeddable":true,"href":"https:\/\/www.gruppoceis.it\/lanostrastoria\/wp-json\/wp\/v2\/series?post=27"}],"curies":[{"name":"wp","href":"https:\/\/api.w.org\/{rel}","templated":true}]}}