{"id":256,"date":"2022-10-19T12:58:20","date_gmt":"2022-10-19T10:58:20","guid":{"rendered":"https:\/\/www.gruppoceis.it\/lanostrastoria\/?p=256"},"modified":"2022-12-06T12:06:08","modified_gmt":"2022-12-06T11:06:08","slug":"prima-che-ceis-nascesse-gia-ero-una-volontaria","status":"publish","type":"post","link":"https:\/\/www.gruppoceis.it\/lanostrastoria\/prima-che-ceis-nascesse-gia-ero-una-volontaria\/","title":{"rendered":"Prima che CEIS nascesse, gi\u00e0 ero una volontaria\u2026"},"content":{"rendered":"<p><strong>di Silvana Malvolti*<\/strong><\/p>\n<span class=\"mks_dropcap_letter\" style=\"font-size: 80px; color: #266d40; \">H<\/span>o lavorato per il CEIS prima ancora che nascesse\u2026 Mio figlio aveva un <strong>problema di tossicodipendenza<\/strong>. Scoprirlo fu uno choc per tutta la famiglia. Non sapevamo che fare.<br \/>\nGli psicologici furono i primi che consultammo, poi ricoverammo mio figlio in una clinica di Parma.<\/p>\n<p>Era seguito da un medico molto importante e bravo, era tornata in noi la speranza.<\/p>\n<p>Una mattina, andando a in ospedale, nel cassetto a fianco del letto trovai il laccio emostatico e tutto quanto il necessario per \u201cfarsi\u201d. Fui presa dal panico. <em>\u201cMa come, viene qua per risolvere un problema e gli danno l\u2019eroina in camera?\u201d. \u00a0<\/em><\/p>\n<p>Il messaggio che pass\u00f2 in me, in tutta la famiglia, fu: <em>\u201cDalla droga in ospedale non si esce\u201d.<\/em><\/p>\n<p>Ascoltando la radio, un giorno sentii la testimonianza di una ragazza che parlava del <strong>CEIS di Roma<\/strong>, dei suoi percorsi di fuoriuscita dalla tossicodipendenza, di accoglienza e recupero.<\/p>\n<p>Non pass\u00f2 un giorno e con mio marito contattammo la diocesi di Roma per un appuntamento. La prima cosa che ci colp\u00ec, una volta arrivati in <strong>Comunit\u00e0,<\/strong> fu vedere ragazzi e genitori sereni e sorridenti.<\/p>\n<p>Da allora, una volta alla settimana, andavamo a Roma per frequentare i gruppi di auto aiuto per genitori. Si partiva dopo il lavoro e si rientrava a Modena a notte fonda.<\/p>\n<p>L\u2019esperienza di Roma fu illuminante, anche perch\u00e9 da noi in citt\u00e0 avevamo una situazione drammatica riguardo la diffusione della droga.<\/p>\n<p>Don Mario Picchi ci consigli\u00f2 la strada di aprire una nostra Comunit\u00e0 a Modena e fu cos\u00ec che conoscemmo padre Giuliano Stenico, che allora si occupava di tutt\u2019altro.<\/p>\n<p>Comprese il dramma che stavamo vivendo tanto che, assieme ad altre famiglie, di giorno ci trasferimmo a vivere in Comunit\u00e0.<\/p>\n<p>Il resto \u00e8 storia\u2026<\/p>\n<p><strong>*Volontaria CEIS<\/strong><\/p>\n<p>&nbsp;<\/p>\n<hr \/>\n","protected":false},"excerpt":{"rendered":"<p>Silvana Malvolti<\/p>\n","protected":false},"author":2,"featured_media":1965,"comment_status":"closed","ping_status":"closed","sticky":false,"template":"","format":"image","meta":{"footnotes":"","_links_to":"","_links_to_target":""},"categories":[5],"tags":[70],"series":[],"class_list":["post-256","post","type-post","status-publish","format-image","has-post-thumbnail","hentry","category-familiari-volontari-e-associazionismo","tag-archivio-testimonianze","post_format-post-format-image"],"yoast_head":"<!-- This site is optimized with the Yoast SEO plugin v26.0 - https:\/\/yoast.com\/wordpress\/plugins\/seo\/ -->\n<title>Prima che CEIS nascesse, gi\u00e0 ero una volontaria\u2026 - CEIS 40<\/title>\n<meta name=\"robots\" content=\"index, follow, max-snippet:-1, max-image-preview:large, max-video-preview:-1\" \/>\n<link rel=\"canonical\" href=\"https:\/\/www.gruppoceis.it\/lanostrastoria\/prima-che-ceis-nascesse-gia-ero-una-volontaria\/\" \/>\n<meta property=\"og:locale\" content=\"it_IT\" \/>\n<meta property=\"og:type\" content=\"article\" \/>\n<meta property=\"og:title\" content=\"Prima che CEIS nascesse, gi\u00e0 ero una volontaria\u2026 - CEIS 40\" \/>\n<meta property=\"og:description\" content=\"Silvana Malvolti\" \/>\n<meta property=\"og:url\" content=\"https:\/\/www.gruppoceis.it\/lanostrastoria\/prima-che-ceis-nascesse-gia-ero-una-volontaria\/\" \/>\n<meta property=\"og:site_name\" content=\"CEIS 40\" \/>\n<meta property=\"article:publisher\" content=\"https:\/\/www.facebook.com\/gruppoceis\" \/>\n<meta property=\"article:published_time\" content=\"2022-10-19T10:58:20+00:00\" \/>\n<meta property=\"article:modified_time\" content=\"2022-12-06T11:06:08+00:00\" \/>\n<meta property=\"og:image\" content=\"https:\/\/www.gruppoceis.it\/lanostrastoria\/wp-content\/uploads\/2022\/07\/malvolti.jpg\" \/>\n\t<meta property=\"og:image:width\" content=\"1280\" \/>\n\t<meta property=\"og:image:height\" content=\"720\" \/>\n\t<meta property=\"og:image:type\" content=\"image\/jpeg\" \/>\n<meta name=\"author\" content=\"Alessandro Alvisi\" \/>\n<meta name=\"twitter:card\" content=\"summary_large_image\" \/>\n<meta name=\"twitter:label1\" content=\"Scritto da\" \/>\n\t<meta name=\"twitter:data1\" content=\"Alessandro Alvisi\" \/>\n\t<meta name=\"twitter:label2\" content=\"Tempo di lettura stimato\" \/>\n\t<meta name=\"twitter:data2\" content=\"2 minuti\" \/>\n<script type=\"application\/ld+json\" class=\"yoast-schema-graph\">{\"@context\":\"https:\/\/schema.org\",\"@graph\":[{\"@type\":\"Article\",\"@id\":\"https:\/\/www.gruppoceis.it\/lanostrastoria\/prima-che-ceis-nascesse-gia-ero-una-volontaria\/#article\",\"isPartOf\":{\"@id\":\"https:\/\/www.gruppoceis.it\/lanostrastoria\/prima-che-ceis-nascesse-gia-ero-una-volontaria\/\"},\"author\":{\"name\":\"Alessandro Alvisi\",\"@id\":\"https:\/\/www.gruppoceis.it\/lanostrastoria\/#\/schema\/person\/d9daedcd51701423ce913b87b5c25db4\"},\"headline\":\"Prima che CEIS nascesse, gi\u00e0 ero una volontaria\u2026\",\"datePublished\":\"2022-10-19T10:58:20+00:00\",\"dateModified\":\"2022-12-06T11:06:08+00:00\",\"mainEntityOfPage\":{\"@id\":\"https:\/\/www.gruppoceis.it\/lanostrastoria\/prima-che-ceis-nascesse-gia-ero-una-volontaria\/\"},\"wordCount\":314,\"publisher\":{\"@id\":\"https:\/\/www.gruppoceis.it\/lanostrastoria\/#organization\"},\"image\":{\"@id\":\"https:\/\/www.gruppoceis.it\/lanostrastoria\/prima-che-ceis-nascesse-gia-ero-una-volontaria\/#primaryimage\"},\"thumbnailUrl\":\"https:\/\/www.gruppoceis.it\/lanostrastoria\/wp-content\/uploads\/2022\/07\/malvolti.jpg\",\"keywords\":[\"Archivio Testimonianze\"],\"articleSection\":[\"Familiari Volontari e Associazionismo\"],\"inLanguage\":\"it-IT\"},{\"@type\":\"WebPage\",\"@id\":\"https:\/\/www.gruppoceis.it\/lanostrastoria\/prima-che-ceis-nascesse-gia-ero-una-volontaria\/\",\"url\":\"https:\/\/www.gruppoceis.it\/lanostrastoria\/prima-che-ceis-nascesse-gia-ero-una-volontaria\/\",\"name\":\"Prima che CEIS nascesse, gi\u00e0 ero una volontaria\u2026 - CEIS 40\",\"isPartOf\":{\"@id\":\"https:\/\/www.gruppoceis.it\/lanostrastoria\/#website\"},\"primaryImageOfPage\":{\"@id\":\"https:\/\/www.gruppoceis.it\/lanostrastoria\/prima-che-ceis-nascesse-gia-ero-una-volontaria\/#primaryimage\"},\"image\":{\"@id\":\"https:\/\/www.gruppoceis.it\/lanostrastoria\/prima-che-ceis-nascesse-gia-ero-una-volontaria\/#primaryimage\"},\"thumbnailUrl\":\"https:\/\/www.gruppoceis.it\/lanostrastoria\/wp-content\/uploads\/2022\/07\/malvolti.jpg\",\"datePublished\":\"2022-10-19T10:58:20+00:00\",\"dateModified\":\"2022-12-06T11:06:08+00:00\",\"breadcrumb\":{\"@id\":\"https:\/\/www.gruppoceis.it\/lanostrastoria\/prima-che-ceis-nascesse-gia-ero-una-volontaria\/#breadcrumb\"},\"inLanguage\":\"it-IT\",\"potentialAction\":[{\"@type\":\"ReadAction\",\"target\":[\"https:\/\/www.gruppoceis.it\/lanostrastoria\/prima-che-ceis-nascesse-gia-ero-una-volontaria\/\"]}]},{\"@type\":\"ImageObject\",\"inLanguage\":\"it-IT\",\"@id\":\"https:\/\/www.gruppoceis.it\/lanostrastoria\/prima-che-ceis-nascesse-gia-ero-una-volontaria\/#primaryimage\",\"url\":\"https:\/\/www.gruppoceis.it\/lanostrastoria\/wp-content\/uploads\/2022\/07\/malvolti.jpg\",\"contentUrl\":\"https:\/\/www.gruppoceis.it\/lanostrastoria\/wp-content\/uploads\/2022\/07\/malvolti.jpg\",\"width\":1280,\"height\":720},{\"@type\":\"BreadcrumbList\",\"@id\":\"https:\/\/www.gruppoceis.it\/lanostrastoria\/prima-che-ceis-nascesse-gia-ero-una-volontaria\/#breadcrumb\",\"itemListElement\":[{\"@type\":\"ListItem\",\"position\":1,\"name\":\"Home\",\"item\":\"https:\/\/www.gruppoceis.it\/lanostrastoria\/\"},{\"@type\":\"ListItem\",\"position\":2,\"name\":\"Familiari Volontari e Associazionismo\",\"item\":\"https:\/\/www.gruppoceis.it\/lanostrastoria\/category\/familiari-volontari-e-associazionismo\/\"},{\"@type\":\"ListItem\",\"position\":3,\"name\":\"Prima che CEIS nascesse, gi\u00e0 ero una volontaria\u2026\"}]},{\"@type\":\"WebSite\",\"@id\":\"https:\/\/www.gruppoceis.it\/lanostrastoria\/#website\",\"url\":\"https:\/\/www.gruppoceis.it\/lanostrastoria\/\",\"name\":\"CEIS 40\",\"description\":\"La nostra storia\",\"publisher\":{\"@id\":\"https:\/\/www.gruppoceis.it\/lanostrastoria\/#organization\"},\"potentialAction\":[{\"@type\":\"SearchAction\",\"target\":{\"@type\":\"EntryPoint\",\"urlTemplate\":\"https:\/\/www.gruppoceis.it\/lanostrastoria\/?s={search_term_string}\"},\"query-input\":{\"@type\":\"PropertyValueSpecification\",\"valueRequired\":true,\"valueName\":\"search_term_string\"}}],\"inLanguage\":\"it-IT\"},{\"@type\":\"Organization\",\"@id\":\"https:\/\/www.gruppoceis.it\/lanostrastoria\/#organization\",\"name\":\"Fondazione CEIS\",\"url\":\"https:\/\/www.gruppoceis.it\/lanostrastoria\/\",\"logo\":{\"@type\":\"ImageObject\",\"inLanguage\":\"it-IT\",\"@id\":\"https:\/\/www.gruppoceis.it\/lanostrastoria\/#\/schema\/logo\/image\/\",\"url\":\"https:\/\/www.gruppoceis.it\/lanostrastoria\/wp-content\/uploads\/2022\/11\/ceis40-250px.png\",\"contentUrl\":\"https:\/\/www.gruppoceis.it\/lanostrastoria\/wp-content\/uploads\/2022\/11\/ceis40-250px.png\",\"width\":250,\"height\":149,\"caption\":\"Fondazione CEIS\"},\"image\":{\"@id\":\"https:\/\/www.gruppoceis.it\/lanostrastoria\/#\/schema\/logo\/image\/\"},\"sameAs\":[\"https:\/\/www.facebook.com\/gruppoceis\"]},{\"@type\":\"Person\",\"@id\":\"https:\/\/www.gruppoceis.it\/lanostrastoria\/#\/schema\/person\/d9daedcd51701423ce913b87b5c25db4\",\"name\":\"Alessandro Alvisi\",\"url\":\"https:\/\/www.gruppoceis.it\/lanostrastoria\/author\/alessandro\/\"}]}<\/script>\n<!-- \/ Yoast SEO plugin. -->","yoast_head_json":{"title":"Prima che CEIS nascesse, gi\u00e0 ero una volontaria\u2026 - CEIS 40","robots":{"index":"index","follow":"follow","max-snippet":"max-snippet:-1","max-image-preview":"max-image-preview:large","max-video-preview":"max-video-preview:-1"},"canonical":"https:\/\/www.gruppoceis.it\/lanostrastoria\/prima-che-ceis-nascesse-gia-ero-una-volontaria\/","og_locale":"it_IT","og_type":"article","og_title":"Prima che CEIS nascesse, gi\u00e0 ero una volontaria\u2026 - CEIS 40","og_description":"Silvana Malvolti","og_url":"https:\/\/www.gruppoceis.it\/lanostrastoria\/prima-che-ceis-nascesse-gia-ero-una-volontaria\/","og_site_name":"CEIS 40","article_publisher":"https:\/\/www.facebook.com\/gruppoceis","article_published_time":"2022-10-19T10:58:20+00:00","article_modified_time":"2022-12-06T11:06:08+00:00","og_image":[{"width":1280,"height":720,"url":"https:\/\/www.gruppoceis.it\/lanostrastoria\/wp-content\/uploads\/2022\/07\/malvolti.jpg","type":"image\/jpeg"}],"author":"Alessandro Alvisi","twitter_card":"summary_large_image","twitter_misc":{"Scritto da":"Alessandro Alvisi","Tempo di lettura stimato":"2 minuti"},"schema":{"@context":"https:\/\/schema.org","@graph":[{"@type":"Article","@id":"https:\/\/www.gruppoceis.it\/lanostrastoria\/prima-che-ceis-nascesse-gia-ero-una-volontaria\/#article","isPartOf":{"@id":"https:\/\/www.gruppoceis.it\/lanostrastoria\/prima-che-ceis-nascesse-gia-ero-una-volontaria\/"},"author":{"name":"Alessandro Alvisi","@id":"https:\/\/www.gruppoceis.it\/lanostrastoria\/#\/schema\/person\/d9daedcd51701423ce913b87b5c25db4"},"headline":"Prima che CEIS nascesse, gi\u00e0 ero una volontaria\u2026","datePublished":"2022-10-19T10:58:20+00:00","dateModified":"2022-12-06T11:06:08+00:00","mainEntityOfPage":{"@id":"https:\/\/www.gruppoceis.it\/lanostrastoria\/prima-che-ceis-nascesse-gia-ero-una-volontaria\/"},"wordCount":314,"publisher":{"@id":"https:\/\/www.gruppoceis.it\/lanostrastoria\/#organization"},"image":{"@id":"https:\/\/www.gruppoceis.it\/lanostrastoria\/prima-che-ceis-nascesse-gia-ero-una-volontaria\/#primaryimage"},"thumbnailUrl":"https:\/\/www.gruppoceis.it\/lanostrastoria\/wp-content\/uploads\/2022\/07\/malvolti.jpg","keywords":["Archivio Testimonianze"],"articleSection":["Familiari Volontari e Associazionismo"],"inLanguage":"it-IT"},{"@type":"WebPage","@id":"https:\/\/www.gruppoceis.it\/lanostrastoria\/prima-che-ceis-nascesse-gia-ero-una-volontaria\/","url":"https:\/\/www.gruppoceis.it\/lanostrastoria\/prima-che-ceis-nascesse-gia-ero-una-volontaria\/","name":"Prima che CEIS nascesse, gi\u00e0 ero una volontaria\u2026 - CEIS 40","isPartOf":{"@id":"https:\/\/www.gruppoceis.it\/lanostrastoria\/#website"},"primaryImageOfPage":{"@id":"https:\/\/www.gruppoceis.it\/lanostrastoria\/prima-che-ceis-nascesse-gia-ero-una-volontaria\/#primaryimage"},"image":{"@id":"https:\/\/www.gruppoceis.it\/lanostrastoria\/prima-che-ceis-nascesse-gia-ero-una-volontaria\/#primaryimage"},"thumbnailUrl":"https:\/\/www.gruppoceis.it\/lanostrastoria\/wp-content\/uploads\/2022\/07\/malvolti.jpg","datePublished":"2022-10-19T10:58:20+00:00","dateModified":"2022-12-06T11:06:08+00:00","breadcrumb":{"@id":"https:\/\/www.gruppoceis.it\/lanostrastoria\/prima-che-ceis-nascesse-gia-ero-una-volontaria\/#breadcrumb"},"inLanguage":"it-IT","potentialAction":[{"@type":"ReadAction","target":["https:\/\/www.gruppoceis.it\/lanostrastoria\/prima-che-ceis-nascesse-gia-ero-una-volontaria\/"]}]},{"@type":"ImageObject","inLanguage":"it-IT","@id":"https:\/\/www.gruppoceis.it\/lanostrastoria\/prima-che-ceis-nascesse-gia-ero-una-volontaria\/#primaryimage","url":"https:\/\/www.gruppoceis.it\/lanostrastoria\/wp-content\/uploads\/2022\/07\/malvolti.jpg","contentUrl":"https:\/\/www.gruppoceis.it\/lanostrastoria\/wp-content\/uploads\/2022\/07\/malvolti.jpg","width":1280,"height":720},{"@type":"BreadcrumbList","@id":"https:\/\/www.gruppoceis.it\/lanostrastoria\/prima-che-ceis-nascesse-gia-ero-una-volontaria\/#breadcrumb","itemListElement":[{"@type":"ListItem","position":1,"name":"Home","item":"https:\/\/www.gruppoceis.it\/lanostrastoria\/"},{"@type":"ListItem","position":2,"name":"Familiari Volontari e Associazionismo","item":"https:\/\/www.gruppoceis.it\/lanostrastoria\/category\/familiari-volontari-e-associazionismo\/"},{"@type":"ListItem","position":3,"name":"Prima che CEIS nascesse, gi\u00e0 ero una volontaria\u2026"}]},{"@type":"WebSite","@id":"https:\/\/www.gruppoceis.it\/lanostrastoria\/#website","url":"https:\/\/www.gruppoceis.it\/lanostrastoria\/","name":"CEIS 40","description":"La nostra storia","publisher":{"@id":"https:\/\/www.gruppoceis.it\/lanostrastoria\/#organization"},"potentialAction":[{"@type":"SearchAction","target":{"@type":"EntryPoint","urlTemplate":"https:\/\/www.gruppoceis.it\/lanostrastoria\/?s={search_term_string}"},"query-input":{"@type":"PropertyValueSpecification","valueRequired":true,"valueName":"search_term_string"}}],"inLanguage":"it-IT"},{"@type":"Organization","@id":"https:\/\/www.gruppoceis.it\/lanostrastoria\/#organization","name":"Fondazione CEIS","url":"https:\/\/www.gruppoceis.it\/lanostrastoria\/","logo":{"@type":"ImageObject","inLanguage":"it-IT","@id":"https:\/\/www.gruppoceis.it\/lanostrastoria\/#\/schema\/logo\/image\/","url":"https:\/\/www.gruppoceis.it\/lanostrastoria\/wp-content\/uploads\/2022\/11\/ceis40-250px.png","contentUrl":"https:\/\/www.gruppoceis.it\/lanostrastoria\/wp-content\/uploads\/2022\/11\/ceis40-250px.png","width":250,"height":149,"caption":"Fondazione CEIS"},"image":{"@id":"https:\/\/www.gruppoceis.it\/lanostrastoria\/#\/schema\/logo\/image\/"},"sameAs":["https:\/\/www.facebook.com\/gruppoceis"]},{"@type":"Person","@id":"https:\/\/www.gruppoceis.it\/lanostrastoria\/#\/schema\/person\/d9daedcd51701423ce913b87b5c25db4","name":"Alessandro Alvisi","url":"https:\/\/www.gruppoceis.it\/lanostrastoria\/author\/alessandro\/"}]}},"_links":{"self":[{"href":"https:\/\/www.gruppoceis.it\/lanostrastoria\/wp-json\/wp\/v2\/posts\/256","targetHints":{"allow":["GET"]}}],"collection":[{"href":"https:\/\/www.gruppoceis.it\/lanostrastoria\/wp-json\/wp\/v2\/posts"}],"about":[{"href":"https:\/\/www.gruppoceis.it\/lanostrastoria\/wp-json\/wp\/v2\/types\/post"}],"author":[{"embeddable":true,"href":"https:\/\/www.gruppoceis.it\/lanostrastoria\/wp-json\/wp\/v2\/users\/2"}],"replies":[{"embeddable":true,"href":"https:\/\/www.gruppoceis.it\/lanostrastoria\/wp-json\/wp\/v2\/comments?post=256"}],"version-history":[{"count":15,"href":"https:\/\/www.gruppoceis.it\/lanostrastoria\/wp-json\/wp\/v2\/posts\/256\/revisions"}],"predecessor-version":[{"id":3070,"href":"https:\/\/www.gruppoceis.it\/lanostrastoria\/wp-json\/wp\/v2\/posts\/256\/revisions\/3070"}],"wp:featuredmedia":[{"embeddable":true,"href":"https:\/\/www.gruppoceis.it\/lanostrastoria\/wp-json\/wp\/v2\/media\/1965"}],"wp:attachment":[{"href":"https:\/\/www.gruppoceis.it\/lanostrastoria\/wp-json\/wp\/v2\/media?parent=256"}],"wp:term":[{"taxonomy":"category","embeddable":true,"href":"https:\/\/www.gruppoceis.it\/lanostrastoria\/wp-json\/wp\/v2\/categories?post=256"},{"taxonomy":"post_tag","embeddable":true,"href":"https:\/\/www.gruppoceis.it\/lanostrastoria\/wp-json\/wp\/v2\/tags?post=256"},{"taxonomy":"series","embeddable":true,"href":"https:\/\/www.gruppoceis.it\/lanostrastoria\/wp-json\/wp\/v2\/series?post=256"}],"curies":[{"name":"wp","href":"https:\/\/api.w.org\/{rel}","templated":true}]}}